{"id":1029,"date":"2025-10-23T11:13:37","date_gmt":"2025-10-23T11:13:37","guid":{"rendered":"https:\/\/armeniahoy.com\/?p=1029"},"modified":"2025-10-23T11:13:37","modified_gmt":"2025-10-23T11:13:37","slug":"tata-simonyan-leyenda-del-pop-armenio-actuara-en-valencia","status":"publish","type":"post","link":"https:\/\/armeniahoy.com\/index.php\/2025\/10\/23\/tata-simonyan-leyenda-del-pop-armenio-actuara-en-valencia\/","title":{"rendered":"Tata Simonyan, leyenda del pop armenio, actuar\u00e1 en Valencia"},"content":{"rendered":"<p>El reconocido cantante y compositor <strong>Tata Simonyan<\/strong>, <strong>artista honor\u00edfico de la Rep\u00fablica de Armenia<\/strong> y una de las figuras m\u00e1s emblem\u00e1ticas del pop armenio, ofrecer\u00e1 el pr\u00f3ximo 7 de noviembre <strong>un concierto \u00fanico en Valencia<\/strong>. El evento est\u00e1 <strong>organizado por Eventos Robel<\/strong> y promete ser una cita imperdible para los amantes de la buena m\u00fasica.<\/p>\n<p><img loading=\"lazy\" decoding=\"async\" class=\"alignnone size-medium wp-image-1030\" src=\"https:\/\/armeniahoy.com\/wp-content\/uploads\/2025\/10\/Screenshot_20251023_131158_Facebook-199x300.jpg\" alt=\"\" width=\"199\" height=\"300\" srcset=\"https:\/\/armeniahoy.com\/wp-content\/uploads\/2025\/10\/Screenshot_20251023_131158_Facebook-199x300.jpg 199w, https:\/\/armeniahoy.com\/wp-content\/uploads\/2025\/10\/Screenshot_20251023_131158_Facebook-678x1024.jpg 678w, https:\/\/armeniahoy.com\/wp-content\/uploads\/2025\/10\/Screenshot_20251023_131158_Facebook-768x1159.jpg 768w, https:\/\/armeniahoy.com\/wp-content\/uploads\/2025\/10\/Screenshot_20251023_131158_Facebook-1018x1536.jpg 1018w, https:\/\/armeniahoy.com\/wp-content\/uploads\/2025\/10\/Screenshot_20251023_131158_Facebook-278x420.jpg 278w, https:\/\/armeniahoy.com\/wp-content\/uploads\/2025\/10\/Screenshot_20251023_131158_Facebook-640x966.jpg 640w, https:\/\/armeniahoy.com\/wp-content\/uploads\/2025\/10\/Screenshot_20251023_131158_Facebook-681x1028.jpg 681w, https:\/\/armeniahoy.com\/wp-content\/uploads\/2025\/10\/Screenshot_20251023_131158_Facebook.jpg 1080w\" sizes=\"auto, (max-width: 199px) 100vw, 199px\" \/><\/p>\n<p>Con una carrera que abarca m\u00e1s de tres d\u00e9cadas, Tata Simonyan se ha consolidado como uno de los artistas m\u00e1s queridos de Armenia y de la di\u00e1spora armenia en todo el mundo. Su estilo combina las ra\u00edces tradicionales armenias con los sonidos modernos del pop, creando un repertorio lleno de energ\u00eda, emoci\u00f3n y autenticidad.<\/p>\n<p>Durante su trayectoria, Simonyan ha recibido numerosos reconocimientos, entre ellos el t\u00edtulo de <strong>Artista Honor\u00edfico de la Rep\u00fablica de Armenia<\/strong>, una distinci\u00f3n que subraya su contribuci\u00f3n al desarrollo cultural y musical del pa\u00eds. Sus conciertos, siempre caracterizados por la cercan\u00eda con el p\u00fablico y su potente puesta en escena, atraen a seguidores de todas las edades.<\/p>\n<p>El concierto en Valencia representa una oportunidad \u00fanica para disfrutar de su talento en directo. El concierto ira acompa\u00f1ado con bailes armenios del destacado grupo de danzas Eni Dance. Los asistentes podr\u00e1n revivir algunos de sus mayores \u00e9xitos y descubrir nuevas canciones que reflejan la evoluci\u00f3n de su estilo y su inconfundible voz.<\/p>\n<p><strong>Eventos Robel<\/strong>, organizador del espect\u00e1culo, ha se\u00f1alado que se trata de un proyecto especial que busca acercar al p\u00fablico armenio de la Di\u00e1spora a la riqueza cultural y musical de Armenia a trav\u00e9s de uno de sus artistas m\u00e1s representativos.<\/p>\n<p>Las entradas se pueden comprar contactando a Eventos Robel a trav\u00e9s de sus redes sociales Facebook y Instagram<\/p>\n<p><a href=\"https:\/\/www.instagram.com\/eventos_robel?igsh=MTNtbTQ4cWl0OHI4eg==\">https:\/\/www.instagram.com\/eventos_robel?igsh=MTNtbTQ4cWl0OHI4eg==<\/a><\/p>\n<p>&nbsp;<\/p>\n","protected":false},"excerpt":{"rendered":"<p>El reconocido cantante y compositor Tata Simonyan, artista honor\u00edfico de la Rep\u00fablica de Armenia y una de las figuras m\u00e1s emblem\u00e1ticas del pop armenio, ofrecer\u00e1 el pr\u00f3ximo 7 de noviembre un concierto \u00fanico en Valencia. El evento est\u00e1 organizado por Eventos Robel y promete ser una cita imperdible para los amantes de la buena m\u00fasica. [&hellip;]<\/p>\n","protected":false},"author":1,"featured_media":1030,"comment_status":"open","ping_status":"open","sticky":false,"template":"","format":"standard","meta":{"tdm_status":"","tdm_grid_status":"","footnotes":""},"categories":[15],"tags":[],"class_list":["post-1029","post","type-post","status-publish","format-standard","has-post-thumbnail","hentry","category-cultura"],"yoast_head":"<!-- This site is optimized with the Yoast SEO plugin v23.5 - https:\/\/yoast.com\/wordpress\/plugins\/seo\/ -->\n<title>Tata Simonyan, leyenda del pop armenio, actuar\u00e1 en Valencia - Armeniahoy<\/title>\n<meta name=\"robots\" content=\"index, follow, max-snippet:-1, max-image-preview:large, max-video-preview:-1\" \/>\n<link rel=\"canonical\" href=\"https:\/\/armeniahoy.com\/index.php\/2025\/10\/23\/tata-simonyan-leyenda-del-pop-armenio-actuara-en-valencia\/\" \/>\n<meta property=\"og:locale\" content=\"en_GB\" \/>\n<meta property=\"og:type\" content=\"article\" \/>\n<meta property=\"og:title\" content=\"Tata Simonyan, leyenda del pop armenio, actuar\u00e1 en Valencia - Armeniahoy\" \/>\n<meta property=\"og:description\" content=\"El reconocido cantante y compositor Tata Simonyan, artista honor\u00edfico de la Rep\u00fablica de Armenia y una de las figuras m\u00e1s emblem\u00e1ticas del pop armenio, ofrecer\u00e1 el pr\u00f3ximo 7 de noviembre un concierto \u00fanico en Valencia. El evento est\u00e1 organizado por Eventos Robel y promete ser una cita imperdible para los amantes de la buena m\u00fasica. [&hellip;]\" \/>\n<meta property=\"og:url\" content=\"https:\/\/armeniahoy.com\/index.php\/2025\/10\/23\/tata-simonyan-leyenda-del-pop-armenio-actuara-en-valencia\/\" \/>\n<meta property=\"og:site_name\" content=\"Armeniahoy\" \/>\n<meta property=\"article:published_time\" content=\"2025-10-23T11:13:37+00:00\" \/>\n<meta property=\"og:image\" content=\"https:\/\/armeniahoy.com\/wp-content\/uploads\/2025\/10\/Screenshot_20251023_131158_Facebook.jpg\" \/>\n\t<meta property=\"og:image:width\" content=\"1080\" \/>\n\t<meta property=\"og:image:height\" content=\"1630\" \/>\n\t<meta property=\"og:image:type\" content=\"image\/jpeg\" \/>\n<meta name=\"author\" content=\"Armeniahoy_admin\" \/>\n<meta name=\"twitter:card\" content=\"summary_large_image\" \/>\n<meta name=\"twitter:label1\" content=\"Written by\" \/>\n\t<meta name=\"twitter:data1\" content=\"Armeniahoy_admin\" \/>\n\t<meta name=\"twitter:label2\" content=\"Estimated reading time\" \/>\n\t<meta name=\"twitter:data2\" content=\"2 minutes\" \/>\n<script type=\"application\/ld+json\" class=\"yoast-schema-graph\">{\"@context\":\"https:\/\/schema.org\",\"@graph\":[{\"@type\":\"WebPage\",\"@id\":\"https:\/\/armeniahoy.com\/index.php\/2025\/10\/23\/tata-simonyan-leyenda-del-pop-armenio-actuara-en-valencia\/\",\"url\":\"https:\/\/armeniahoy.com\/index.php\/2025\/10\/23\/tata-simonyan-leyenda-del-pop-armenio-actuara-en-valencia\/\",\"name\":\"Tata Simonyan, leyenda del pop armenio, actuar\u00e1 en Valencia - Armeniahoy\",\"isPartOf\":{\"@id\":\"https:\/\/armeniahoy.com\/#website\"},\"primaryImageOfPage\":{\"@id\":\"https:\/\/armeniahoy.com\/index.php\/2025\/10\/23\/tata-simonyan-leyenda-del-pop-armenio-actuara-en-valencia\/#primaryimage\"},\"image\":{\"@id\":\"https:\/\/armeniahoy.com\/index.php\/2025\/10\/23\/tata-simonyan-leyenda-del-pop-armenio-actuara-en-valencia\/#primaryimage\"},\"thumbnailUrl\":\"https:\/\/armeniahoy.com\/wp-content\/uploads\/2025\/10\/Screenshot_20251023_131158_Facebook.jpg\",\"datePublished\":\"2025-10-23T11:13:37+00:00\",\"dateModified\":\"2025-10-23T11:13:37+00:00\",\"author\":{\"@id\":\"https:\/\/armeniahoy.com\/#\/schema\/person\/43a6ddf56577bb96aa082771596ed2b8\"},\"breadcrumb\":{\"@id\":\"https:\/\/armeniahoy.com\/index.php\/2025\/10\/23\/tata-simonyan-leyenda-del-pop-armenio-actuara-en-valencia\/#breadcrumb\"},\"inLanguage\":\"en-GB\",\"potentialAction\":[{\"@type\":\"ReadAction\",\"target\":[\"https:\/\/armeniahoy.com\/index.php\/2025\/10\/23\/tata-simonyan-leyenda-del-pop-armenio-actuara-en-valencia\/\"]}]},{\"@type\":\"ImageObject\",\"inLanguage\":\"en-GB\",\"@id\":\"https:\/\/armeniahoy.com\/index.php\/2025\/10\/23\/tata-simonyan-leyenda-del-pop-armenio-actuara-en-valencia\/#primaryimage\",\"url\":\"https:\/\/armeniahoy.com\/wp-content\/uploads\/2025\/10\/Screenshot_20251023_131158_Facebook.jpg\",\"contentUrl\":\"https:\/\/armeniahoy.com\/wp-content\/uploads\/2025\/10\/Screenshot_20251023_131158_Facebook.jpg\",\"width\":1080,\"height\":1630},{\"@type\":\"BreadcrumbList\",\"@id\":\"https:\/\/armeniahoy.com\/index.php\/2025\/10\/23\/tata-simonyan-leyenda-del-pop-armenio-actuara-en-valencia\/#breadcrumb\",\"itemListElement\":[{\"@type\":\"ListItem\",\"position\":1,\"name\":\"Home\",\"item\":\"https:\/\/armeniahoy.com\/\"},{\"@type\":\"ListItem\",\"position\":2,\"name\":\"Tata Simonyan, leyenda del pop armenio, actuar\u00e1 en Valencia\"}]},{\"@type\":\"WebSite\",\"@id\":\"https:\/\/armeniahoy.com\/#website\",\"url\":\"https:\/\/armeniahoy.com\/\",\"name\":\"Armeniahoy\",\"description\":\"\",\"potentialAction\":[{\"@type\":\"SearchAction\",\"target\":{\"@type\":\"EntryPoint\",\"urlTemplate\":\"https:\/\/armeniahoy.com\/?s={search_term_string}\"},\"query-input\":{\"@type\":\"PropertyValueSpecification\",\"valueRequired\":true,\"valueName\":\"search_term_string\"}}],\"inLanguage\":\"en-GB\"},{\"@type\":\"Person\",\"@id\":\"https:\/\/armeniahoy.com\/#\/schema\/person\/43a6ddf56577bb96aa082771596ed2b8\",\"name\":\"Armeniahoy_admin\",\"image\":{\"@type\":\"ImageObject\",\"inLanguage\":\"en-GB\",\"@id\":\"https:\/\/armeniahoy.com\/#\/schema\/person\/image\/\",\"url\":\"https:\/\/secure.gravatar.com\/avatar\/1cfeedda9358b4c7ba0966e36afc065f831e834b008a63b630ebd4be3da5e489?s=96&d=mm&r=g\",\"contentUrl\":\"https:\/\/secure.gravatar.com\/avatar\/1cfeedda9358b4c7ba0966e36afc065f831e834b008a63b630ebd4be3da5e489?s=96&d=mm&r=g\",\"caption\":\"Armeniahoy_admin\"},\"sameAs\":[\"https:\/\/armeniahoy.com\"],\"url\":\"https:\/\/armeniahoy.com\/index.php\/author\/armeniahoy_admin\/\"}]}<\/script>\n<!-- \/ Yoast SEO plugin. -->","yoast_head_json":{"title":"Tata Simonyan, leyenda del pop armenio, actuar\u00e1 en Valencia - Armeniahoy","robots":{"index":"index","follow":"follow","max-snippet":"max-snippet:-1","max-image-preview":"max-image-preview:large","max-video-preview":"max-video-preview:-1"},"canonical":"https:\/\/armeniahoy.com\/index.php\/2025\/10\/23\/tata-simonyan-leyenda-del-pop-armenio-actuara-en-valencia\/","og_locale":"en_GB","og_type":"article","og_title":"Tata Simonyan, leyenda del pop armenio, actuar\u00e1 en Valencia - Armeniahoy","og_description":"El reconocido cantante y compositor Tata Simonyan, artista honor\u00edfico de la Rep\u00fablica de Armenia y una de las figuras m\u00e1s emblem\u00e1ticas del pop armenio, ofrecer\u00e1 el pr\u00f3ximo 7 de noviembre un concierto \u00fanico en Valencia. El evento est\u00e1 organizado por Eventos Robel y promete ser una cita imperdible para los amantes de la buena m\u00fasica. [&hellip;]","og_url":"https:\/\/armeniahoy.com\/index.php\/2025\/10\/23\/tata-simonyan-leyenda-del-pop-armenio-actuara-en-valencia\/","og_site_name":"Armeniahoy","article_published_time":"2025-10-23T11:13:37+00:00","og_image":[{"width":1080,"height":1630,"url":"https:\/\/armeniahoy.com\/wp-content\/uploads\/2025\/10\/Screenshot_20251023_131158_Facebook.jpg","type":"image\/jpeg"}],"author":"Armeniahoy_admin","twitter_card":"summary_large_image","twitter_misc":{"Written by":"Armeniahoy_admin","Estimated reading time":"2 minutes"},"schema":{"@context":"https:\/\/schema.org","@graph":[{"@type":"WebPage","@id":"https:\/\/armeniahoy.com\/index.php\/2025\/10\/23\/tata-simonyan-leyenda-del-pop-armenio-actuara-en-valencia\/","url":"https:\/\/armeniahoy.com\/index.php\/2025\/10\/23\/tata-simonyan-leyenda-del-pop-armenio-actuara-en-valencia\/","name":"Tata Simonyan, leyenda del pop armenio, actuar\u00e1 en Valencia - Armeniahoy","isPartOf":{"@id":"https:\/\/armeniahoy.com\/#website"},"primaryImageOfPage":{"@id":"https:\/\/armeniahoy.com\/index.php\/2025\/10\/23\/tata-simonyan-leyenda-del-pop-armenio-actuara-en-valencia\/#primaryimage"},"image":{"@id":"https:\/\/armeniahoy.com\/index.php\/2025\/10\/23\/tata-simonyan-leyenda-del-pop-armenio-actuara-en-valencia\/#primaryimage"},"thumbnailUrl":"https:\/\/armeniahoy.com\/wp-content\/uploads\/2025\/10\/Screenshot_20251023_131158_Facebook.jpg","datePublished":"2025-10-23T11:13:37+00:00","dateModified":"2025-10-23T11:13:37+00:00","author":{"@id":"https:\/\/armeniahoy.com\/#\/schema\/person\/43a6ddf56577bb96aa082771596ed2b8"},"breadcrumb":{"@id":"https:\/\/armeniahoy.com\/index.php\/2025\/10\/23\/tata-simonyan-leyenda-del-pop-armenio-actuara-en-valencia\/#breadcrumb"},"inLanguage":"en-GB","potentialAction":[{"@type":"ReadAction","target":["https:\/\/armeniahoy.com\/index.php\/2025\/10\/23\/tata-simonyan-leyenda-del-pop-armenio-actuara-en-valencia\/"]}]},{"@type":"ImageObject","inLanguage":"en-GB","@id":"https:\/\/armeniahoy.com\/index.php\/2025\/10\/23\/tata-simonyan-leyenda-del-pop-armenio-actuara-en-valencia\/#primaryimage","url":"https:\/\/armeniahoy.com\/wp-content\/uploads\/2025\/10\/Screenshot_20251023_131158_Facebook.jpg","contentUrl":"https:\/\/armeniahoy.com\/wp-content\/uploads\/2025\/10\/Screenshot_20251023_131158_Facebook.jpg","width":1080,"height":1630},{"@type":"BreadcrumbList","@id":"https:\/\/armeniahoy.com\/index.php\/2025\/10\/23\/tata-simonyan-leyenda-del-pop-armenio-actuara-en-valencia\/#breadcrumb","itemListElement":[{"@type":"ListItem","position":1,"name":"Home","item":"https:\/\/armeniahoy.com\/"},{"@type":"ListItem","position":2,"name":"Tata Simonyan, leyenda del pop armenio, actuar\u00e1 en Valencia"}]},{"@type":"WebSite","@id":"https:\/\/armeniahoy.com\/#website","url":"https:\/\/armeniahoy.com\/","name":"Armeniahoy","description":"","potentialAction":[{"@type":"SearchAction","target":{"@type":"EntryPoint","urlTemplate":"https:\/\/armeniahoy.com\/?s={search_term_string}"},"query-input":{"@type":"PropertyValueSpecification","valueRequired":true,"valueName":"search_term_string"}}],"inLanguage":"en-GB"},{"@type":"Person","@id":"https:\/\/armeniahoy.com\/#\/schema\/person\/43a6ddf56577bb96aa082771596ed2b8","name":"Armeniahoy_admin","image":{"@type":"ImageObject","inLanguage":"en-GB","@id":"https:\/\/armeniahoy.com\/#\/schema\/person\/image\/","url":"https:\/\/secure.gravatar.com\/avatar\/1cfeedda9358b4c7ba0966e36afc065f831e834b008a63b630ebd4be3da5e489?s=96&d=mm&r=g","contentUrl":"https:\/\/secure.gravatar.com\/avatar\/1cfeedda9358b4c7ba0966e36afc065f831e834b008a63b630ebd4be3da5e489?s=96&d=mm&r=g","caption":"Armeniahoy_admin"},"sameAs":["https:\/\/armeniahoy.com"],"url":"https:\/\/armeniahoy.com\/index.php\/author\/armeniahoy_admin\/"}]}},"_links":{"self":[{"href":"https:\/\/armeniahoy.com\/index.php\/wp-json\/wp\/v2\/posts\/1029","targetHints":{"allow":["GET"]}}],"collection":[{"href":"https:\/\/armeniahoy.com\/index.php\/wp-json\/wp\/v2\/posts"}],"about":[{"href":"https:\/\/armeniahoy.com\/index.php\/wp-json\/wp\/v2\/types\/post"}],"author":[{"embeddable":true,"href":"https:\/\/armeniahoy.com\/index.php\/wp-json\/wp\/v2\/users\/1"}],"replies":[{"embeddable":true,"href":"https:\/\/armeniahoy.com\/index.php\/wp-json\/wp\/v2\/comments?post=1029"}],"version-history":[{"count":1,"href":"https:\/\/armeniahoy.com\/index.php\/wp-json\/wp\/v2\/posts\/1029\/revisions"}],"predecessor-version":[{"id":1031,"href":"https:\/\/armeniahoy.com\/index.php\/wp-json\/wp\/v2\/posts\/1029\/revisions\/1031"}],"wp:featuredmedia":[{"embeddable":true,"href":"https:\/\/armeniahoy.com\/index.php\/wp-json\/wp\/v2\/media\/1030"}],"wp:attachment":[{"href":"https:\/\/armeniahoy.com\/index.php\/wp-json\/wp\/v2\/media?parent=1029"}],"wp:term":[{"taxonomy":"category","embeddable":true,"href":"https:\/\/armeniahoy.com\/index.php\/wp-json\/wp\/v2\/categories?post=1029"},{"taxonomy":"post_tag","embeddable":true,"href":"https:\/\/armeniahoy.com\/index.php\/wp-json\/wp\/v2\/tags?post=1029"}],"curies":[{"name":"wp","href":"https:\/\/api.w.org\/{rel}","templated":true}]}}