{"id":1038,"date":"2025-10-25T19:21:51","date_gmt":"2025-10-25T19:21:51","guid":{"rendered":"https:\/\/armeniahoy.com\/?p=1038"},"modified":"2025-10-25T19:53:58","modified_gmt":"2025-10-25T19:53:58","slug":"ashot-przyan-asume-el-cargo-de-nuevo-consul-honorario-de-espana-en-armenia","status":"publish","type":"post","link":"https:\/\/armeniahoy.com\/index.php\/2025\/10\/25\/ashot-przyan-asume-el-cargo-de-nuevo-consul-honorario-de-espana-en-armenia\/","title":{"rendered":"Ashot Parsyan asume el cargo de nuevo C\u00f3nsul Honorario de Espa\u00f1a en Armenia"},"content":{"rendered":"<p><strong data-start=\"237\" data-end=\"271\">Erev\u00e1n, 21 de octubre de 2025.<\/strong> \u2014 En una ceremonia celebrada en la capital armenia, <strong data-start=\"324\" data-end=\"340\">Ashot Parsyan<\/strong> fue nombrado por el\u00a0 <strong data-start=\"376\" data-end=\"436\">embajador de Espa\u00f1a en Armenia con residencia en Mosc\u00fa, Ricardo Mart\u00ednez V\u00e1zquez<\/strong>, nuevo <strong data-start=\"482\" data-end=\"522\">C\u00f3nsul Honorario de Espa\u00f1a en Armenia<\/strong>.<\/p>\n<figure id=\"attachment_1039\" aria-describedby=\"caption-attachment-1039\" style=\"width: 209px\" class=\"wp-caption alignnone\"><img loading=\"lazy\" decoding=\"async\" class=\"wp-image-1039 size-medium\" src=\"https:\/\/armeniahoy.com\/wp-content\/uploads\/2025\/10\/ashot-209x300.jpg\" alt=\"\" width=\"209\" height=\"300\" srcset=\"https:\/\/armeniahoy.com\/wp-content\/uploads\/2025\/10\/ashot-209x300.jpg 209w, https:\/\/armeniahoy.com\/wp-content\/uploads\/2025\/10\/ashot-712x1024.jpg 712w, https:\/\/armeniahoy.com\/wp-content\/uploads\/2025\/10\/ashot-768x1105.jpg 768w, https:\/\/armeniahoy.com\/wp-content\/uploads\/2025\/10\/ashot-1068x1536.jpg 1068w, https:\/\/armeniahoy.com\/wp-content\/uploads\/2025\/10\/ashot-292x420.jpg 292w, https:\/\/armeniahoy.com\/wp-content\/uploads\/2025\/10\/ashot-640x920.jpg 640w, https:\/\/armeniahoy.com\/wp-content\/uploads\/2025\/10\/ashot-681x979.jpg 681w, https:\/\/armeniahoy.com\/wp-content\/uploads\/2025\/10\/ashot.jpg 1424w\" sizes=\"auto, (max-width: 209px) 100vw, 209px\" \/><figcaption id=\"caption-attachment-1039\" class=\"wp-caption-text\">Ashot Parsyan junto al Embajdor Ricardo Mart\u00ednez V\u00e1zquez<\/figcaption><\/figure>\n","protected":false},"excerpt":{"rendered":"<p>Erev\u00e1n, 21 de octubre de 2025. \u2014 En una ceremonia celebrada en la capital armenia, Ashot Parsyan fue nombrado por el\u00a0 embajador de Espa\u00f1a en Armenia con residencia en Mosc\u00fa, Ricardo Mart\u00ednez V\u00e1zquez, nuevo C\u00f3nsul Honorario de Espa\u00f1a en Armenia.<\/p>\n","protected":false},"author":1,"featured_media":1039,"comment_status":"open","ping_status":"open","sticky":false,"template":"","format":"standard","meta":{"tdm_status":"","tdm_grid_status":"","footnotes":""},"categories":[15,13],"tags":[],"class_list":["post-1038","post","type-post","status-publish","format-standard","has-post-thumbnail","hentry","category-cultura","category-politica"],"yoast_head":"<!-- This site is optimized with the Yoast SEO plugin v23.5 - https:\/\/yoast.com\/wordpress\/plugins\/seo\/ -->\n<title>Ashot Parsyan asume el cargo de nuevo C\u00f3nsul Honorario de Espa\u00f1a en Armenia - Armeniahoy<\/title>\n<meta name=\"robots\" content=\"index, follow, max-snippet:-1, max-image-preview:large, max-video-preview:-1\" \/>\n<link rel=\"canonical\" href=\"https:\/\/armeniahoy.com\/index.php\/2025\/10\/25\/ashot-przyan-asume-el-cargo-de-nuevo-consul-honorario-de-espana-en-armenia\/\" \/>\n<meta property=\"og:locale\" content=\"en_GB\" \/>\n<meta property=\"og:type\" content=\"article\" \/>\n<meta property=\"og:title\" content=\"Ashot Parsyan asume el cargo de nuevo C\u00f3nsul Honorario de Espa\u00f1a en Armenia - Armeniahoy\" \/>\n<meta property=\"og:description\" content=\"Erev\u00e1n, 21 de octubre de 2025. \u2014 En una ceremonia celebrada en la capital armenia, Ashot Parsyan fue nombrado por el\u00a0 embajador de Espa\u00f1a en Armenia con residencia en Mosc\u00fa, Ricardo Mart\u00ednez V\u00e1zquez, nuevo C\u00f3nsul Honorario de Espa\u00f1a en Armenia.\" \/>\n<meta property=\"og:url\" content=\"https:\/\/armeniahoy.com\/index.php\/2025\/10\/25\/ashot-przyan-asume-el-cargo-de-nuevo-consul-honorario-de-espana-en-armenia\/\" \/>\n<meta property=\"og:site_name\" content=\"Armeniahoy\" \/>\n<meta property=\"article:published_time\" content=\"2025-10-25T19:21:51+00:00\" \/>\n<meta property=\"article:modified_time\" content=\"2025-10-25T19:53:58+00:00\" \/>\n<meta property=\"og:image\" content=\"https:\/\/armeniahoy.com\/wp-content\/uploads\/2025\/10\/ashot.jpg\" \/>\n\t<meta property=\"og:image:width\" content=\"1424\" \/>\n\t<meta property=\"og:image:height\" content=\"2048\" \/>\n\t<meta property=\"og:image:type\" content=\"image\/jpeg\" \/>\n<meta name=\"author\" content=\"Armeniahoy_admin\" \/>\n<meta name=\"twitter:card\" content=\"summary_large_image\" \/>\n<meta name=\"twitter:label1\" content=\"Written by\" \/>\n\t<meta name=\"twitter:data1\" content=\"Armeniahoy_admin\" \/>\n\t<meta name=\"twitter:label2\" content=\"Estimated reading time\" \/>\n\t<meta name=\"twitter:data2\" content=\"1 minute\" \/>\n<script type=\"application\/ld+json\" class=\"yoast-schema-graph\">{\"@context\":\"https:\/\/schema.org\",\"@graph\":[{\"@type\":\"WebPage\",\"@id\":\"https:\/\/armeniahoy.com\/index.php\/2025\/10\/25\/ashot-przyan-asume-el-cargo-de-nuevo-consul-honorario-de-espana-en-armenia\/\",\"url\":\"https:\/\/armeniahoy.com\/index.php\/2025\/10\/25\/ashot-przyan-asume-el-cargo-de-nuevo-consul-honorario-de-espana-en-armenia\/\",\"name\":\"Ashot Parsyan asume el cargo de nuevo C\u00f3nsul Honorario de Espa\u00f1a en Armenia - Armeniahoy\",\"isPartOf\":{\"@id\":\"https:\/\/armeniahoy.com\/#website\"},\"primaryImageOfPage\":{\"@id\":\"https:\/\/armeniahoy.com\/index.php\/2025\/10\/25\/ashot-przyan-asume-el-cargo-de-nuevo-consul-honorario-de-espana-en-armenia\/#primaryimage\"},\"image\":{\"@id\":\"https:\/\/armeniahoy.com\/index.php\/2025\/10\/25\/ashot-przyan-asume-el-cargo-de-nuevo-consul-honorario-de-espana-en-armenia\/#primaryimage\"},\"thumbnailUrl\":\"https:\/\/armeniahoy.com\/wp-content\/uploads\/2025\/10\/ashot.jpg\",\"datePublished\":\"2025-10-25T19:21:51+00:00\",\"dateModified\":\"2025-10-25T19:53:58+00:00\",\"author\":{\"@id\":\"https:\/\/armeniahoy.com\/#\/schema\/person\/43a6ddf56577bb96aa082771596ed2b8\"},\"breadcrumb\":{\"@id\":\"https:\/\/armeniahoy.com\/index.php\/2025\/10\/25\/ashot-przyan-asume-el-cargo-de-nuevo-consul-honorario-de-espana-en-armenia\/#breadcrumb\"},\"inLanguage\":\"en-GB\",\"potentialAction\":[{\"@type\":\"ReadAction\",\"target\":[\"https:\/\/armeniahoy.com\/index.php\/2025\/10\/25\/ashot-przyan-asume-el-cargo-de-nuevo-consul-honorario-de-espana-en-armenia\/\"]}]},{\"@type\":\"ImageObject\",\"inLanguage\":\"en-GB\",\"@id\":\"https:\/\/armeniahoy.com\/index.php\/2025\/10\/25\/ashot-przyan-asume-el-cargo-de-nuevo-consul-honorario-de-espana-en-armenia\/#primaryimage\",\"url\":\"https:\/\/armeniahoy.com\/wp-content\/uploads\/2025\/10\/ashot.jpg\",\"contentUrl\":\"https:\/\/armeniahoy.com\/wp-content\/uploads\/2025\/10\/ashot.jpg\",\"width\":1424,\"height\":2048},{\"@type\":\"BreadcrumbList\",\"@id\":\"https:\/\/armeniahoy.com\/index.php\/2025\/10\/25\/ashot-przyan-asume-el-cargo-de-nuevo-consul-honorario-de-espana-en-armenia\/#breadcrumb\",\"itemListElement\":[{\"@type\":\"ListItem\",\"position\":1,\"name\":\"Home\",\"item\":\"https:\/\/armeniahoy.com\/\"},{\"@type\":\"ListItem\",\"position\":2,\"name\":\"Ashot Parsyan asume el cargo de nuevo C\u00f3nsul Honorario de Espa\u00f1a en Armenia\"}]},{\"@type\":\"WebSite\",\"@id\":\"https:\/\/armeniahoy.com\/#website\",\"url\":\"https:\/\/armeniahoy.com\/\",\"name\":\"Armeniahoy\",\"description\":\"\",\"potentialAction\":[{\"@type\":\"SearchAction\",\"target\":{\"@type\":\"EntryPoint\",\"urlTemplate\":\"https:\/\/armeniahoy.com\/?s={search_term_string}\"},\"query-input\":{\"@type\":\"PropertyValueSpecification\",\"valueRequired\":true,\"valueName\":\"search_term_string\"}}],\"inLanguage\":\"en-GB\"},{\"@type\":\"Person\",\"@id\":\"https:\/\/armeniahoy.com\/#\/schema\/person\/43a6ddf56577bb96aa082771596ed2b8\",\"name\":\"Armeniahoy_admin\",\"image\":{\"@type\":\"ImageObject\",\"inLanguage\":\"en-GB\",\"@id\":\"https:\/\/armeniahoy.com\/#\/schema\/person\/image\/\",\"url\":\"https:\/\/secure.gravatar.com\/avatar\/1cfeedda9358b4c7ba0966e36afc065f831e834b008a63b630ebd4be3da5e489?s=96&d=mm&r=g\",\"contentUrl\":\"https:\/\/secure.gravatar.com\/avatar\/1cfeedda9358b4c7ba0966e36afc065f831e834b008a63b630ebd4be3da5e489?s=96&d=mm&r=g\",\"caption\":\"Armeniahoy_admin\"},\"sameAs\":[\"https:\/\/armeniahoy.com\"],\"url\":\"https:\/\/armeniahoy.com\/index.php\/author\/armeniahoy_admin\/\"}]}<\/script>\n<!-- \/ Yoast SEO plugin. -->","yoast_head_json":{"title":"Ashot Parsyan asume el cargo de nuevo C\u00f3nsul Honorario de Espa\u00f1a en Armenia - Armeniahoy","robots":{"index":"index","follow":"follow","max-snippet":"max-snippet:-1","max-image-preview":"max-image-preview:large","max-video-preview":"max-video-preview:-1"},"canonical":"https:\/\/armeniahoy.com\/index.php\/2025\/10\/25\/ashot-przyan-asume-el-cargo-de-nuevo-consul-honorario-de-espana-en-armenia\/","og_locale":"en_GB","og_type":"article","og_title":"Ashot Parsyan asume el cargo de nuevo C\u00f3nsul Honorario de Espa\u00f1a en Armenia - Armeniahoy","og_description":"Erev\u00e1n, 21 de octubre de 2025. \u2014 En una ceremonia celebrada en la capital armenia, Ashot Parsyan fue nombrado por el\u00a0 embajador de Espa\u00f1a en Armenia con residencia en Mosc\u00fa, Ricardo Mart\u00ednez V\u00e1zquez, nuevo C\u00f3nsul Honorario de Espa\u00f1a en Armenia.","og_url":"https:\/\/armeniahoy.com\/index.php\/2025\/10\/25\/ashot-przyan-asume-el-cargo-de-nuevo-consul-honorario-de-espana-en-armenia\/","og_site_name":"Armeniahoy","article_published_time":"2025-10-25T19:21:51+00:00","article_modified_time":"2025-10-25T19:53:58+00:00","og_image":[{"width":1424,"height":2048,"url":"https:\/\/armeniahoy.com\/wp-content\/uploads\/2025\/10\/ashot.jpg","type":"image\/jpeg"}],"author":"Armeniahoy_admin","twitter_card":"summary_large_image","twitter_misc":{"Written by":"Armeniahoy_admin","Estimated reading time":"1 minute"},"schema":{"@context":"https:\/\/schema.org","@graph":[{"@type":"WebPage","@id":"https:\/\/armeniahoy.com\/index.php\/2025\/10\/25\/ashot-przyan-asume-el-cargo-de-nuevo-consul-honorario-de-espana-en-armenia\/","url":"https:\/\/armeniahoy.com\/index.php\/2025\/10\/25\/ashot-przyan-asume-el-cargo-de-nuevo-consul-honorario-de-espana-en-armenia\/","name":"Ashot Parsyan asume el cargo de nuevo C\u00f3nsul Honorario de Espa\u00f1a en Armenia - Armeniahoy","isPartOf":{"@id":"https:\/\/armeniahoy.com\/#website"},"primaryImageOfPage":{"@id":"https:\/\/armeniahoy.com\/index.php\/2025\/10\/25\/ashot-przyan-asume-el-cargo-de-nuevo-consul-honorario-de-espana-en-armenia\/#primaryimage"},"image":{"@id":"https:\/\/armeniahoy.com\/index.php\/2025\/10\/25\/ashot-przyan-asume-el-cargo-de-nuevo-consul-honorario-de-espana-en-armenia\/#primaryimage"},"thumbnailUrl":"https:\/\/armeniahoy.com\/wp-content\/uploads\/2025\/10\/ashot.jpg","datePublished":"2025-10-25T19:21:51+00:00","dateModified":"2025-10-25T19:53:58+00:00","author":{"@id":"https:\/\/armeniahoy.com\/#\/schema\/person\/43a6ddf56577bb96aa082771596ed2b8"},"breadcrumb":{"@id":"https:\/\/armeniahoy.com\/index.php\/2025\/10\/25\/ashot-przyan-asume-el-cargo-de-nuevo-consul-honorario-de-espana-en-armenia\/#breadcrumb"},"inLanguage":"en-GB","potentialAction":[{"@type":"ReadAction","target":["https:\/\/armeniahoy.com\/index.php\/2025\/10\/25\/ashot-przyan-asume-el-cargo-de-nuevo-consul-honorario-de-espana-en-armenia\/"]}]},{"@type":"ImageObject","inLanguage":"en-GB","@id":"https:\/\/armeniahoy.com\/index.php\/2025\/10\/25\/ashot-przyan-asume-el-cargo-de-nuevo-consul-honorario-de-espana-en-armenia\/#primaryimage","url":"https:\/\/armeniahoy.com\/wp-content\/uploads\/2025\/10\/ashot.jpg","contentUrl":"https:\/\/armeniahoy.com\/wp-content\/uploads\/2025\/10\/ashot.jpg","width":1424,"height":2048},{"@type":"BreadcrumbList","@id":"https:\/\/armeniahoy.com\/index.php\/2025\/10\/25\/ashot-przyan-asume-el-cargo-de-nuevo-consul-honorario-de-espana-en-armenia\/#breadcrumb","itemListElement":[{"@type":"ListItem","position":1,"name":"Home","item":"https:\/\/armeniahoy.com\/"},{"@type":"ListItem","position":2,"name":"Ashot Parsyan asume el cargo de nuevo C\u00f3nsul Honorario de Espa\u00f1a en Armenia"}]},{"@type":"WebSite","@id":"https:\/\/armeniahoy.com\/#website","url":"https:\/\/armeniahoy.com\/","name":"Armeniahoy","description":"","potentialAction":[{"@type":"SearchAction","target":{"@type":"EntryPoint","urlTemplate":"https:\/\/armeniahoy.com\/?s={search_term_string}"},"query-input":{"@type":"PropertyValueSpecification","valueRequired":true,"valueName":"search_term_string"}}],"inLanguage":"en-GB"},{"@type":"Person","@id":"https:\/\/armeniahoy.com\/#\/schema\/person\/43a6ddf56577bb96aa082771596ed2b8","name":"Armeniahoy_admin","image":{"@type":"ImageObject","inLanguage":"en-GB","@id":"https:\/\/armeniahoy.com\/#\/schema\/person\/image\/","url":"https:\/\/secure.gravatar.com\/avatar\/1cfeedda9358b4c7ba0966e36afc065f831e834b008a63b630ebd4be3da5e489?s=96&d=mm&r=g","contentUrl":"https:\/\/secure.gravatar.com\/avatar\/1cfeedda9358b4c7ba0966e36afc065f831e834b008a63b630ebd4be3da5e489?s=96&d=mm&r=g","caption":"Armeniahoy_admin"},"sameAs":["https:\/\/armeniahoy.com"],"url":"https:\/\/armeniahoy.com\/index.php\/author\/armeniahoy_admin\/"}]}},"_links":{"self":[{"href":"https:\/\/armeniahoy.com\/index.php\/wp-json\/wp\/v2\/posts\/1038","targetHints":{"allow":["GET"]}}],"collection":[{"href":"https:\/\/armeniahoy.com\/index.php\/wp-json\/wp\/v2\/posts"}],"about":[{"href":"https:\/\/armeniahoy.com\/index.php\/wp-json\/wp\/v2\/types\/post"}],"author":[{"embeddable":true,"href":"https:\/\/armeniahoy.com\/index.php\/wp-json\/wp\/v2\/users\/1"}],"replies":[{"embeddable":true,"href":"https:\/\/armeniahoy.com\/index.php\/wp-json\/wp\/v2\/comments?post=1038"}],"version-history":[{"count":6,"href":"https:\/\/armeniahoy.com\/index.php\/wp-json\/wp\/v2\/posts\/1038\/revisions"}],"predecessor-version":[{"id":1047,"href":"https:\/\/armeniahoy.com\/index.php\/wp-json\/wp\/v2\/posts\/1038\/revisions\/1047"}],"wp:featuredmedia":[{"embeddable":true,"href":"https:\/\/armeniahoy.com\/index.php\/wp-json\/wp\/v2\/media\/1039"}],"wp:attachment":[{"href":"https:\/\/armeniahoy.com\/index.php\/wp-json\/wp\/v2\/media?parent=1038"}],"wp:term":[{"taxonomy":"category","embeddable":true,"href":"https:\/\/armeniahoy.com\/index.php\/wp-json\/wp\/v2\/categories?post=1038"},{"taxonomy":"post_tag","embeddable":true,"href":"https:\/\/armeniahoy.com\/index.php\/wp-json\/wp\/v2\/tags?post=1038"}],"curies":[{"name":"wp","href":"https:\/\/api.w.org\/{rel}","templated":true}]}}