{"id":1065,"date":"2025-11-10T06:04:25","date_gmt":"2025-11-10T06:04:25","guid":{"rendered":"https:\/\/armeniahoy.com\/?p=1065"},"modified":"2025-11-10T06:06:04","modified_gmt":"2025-11-10T06:06:04","slug":"la-asociacion-armenia-en-catalunya-ararat-lleva-los-sabores-de-armenia-a-la-fira-gastronomica-sabors-del-mon-de-santa-coloma-de-gramenet","status":"publish","type":"post","link":"https:\/\/armeniahoy.com\/index.php\/2025\/11\/10\/la-asociacion-armenia-en-catalunya-ararat-lleva-los-sabores-de-armenia-a-la-fira-gastronomica-sabors-del-mon-de-santa-coloma-de-gramenet\/","title":{"rendered":"La Asociaci\u00f3n Armenia en Catalunya \u201cArarat\u201d lleva los sabores de Armenia a la Fira Gastron\u00f2mica &#8220;Sabors del M\u00f3n&#8221; de Santa Coloma de Gramenet"},"content":{"rendered":"<p data-start=\"380\" data-end=\"631\">La Asociaci\u00f3n Armenia en Catalunya <em data-start=\"462\" data-end=\"470\">Ararat<\/em> ha participado en la reconocida Fira Gastron\u00f2mica <em data-start=\"521\" data-end=\"537\">Sabors del M\u00f3n<\/em>, un evento que celebra la convivencia y la diversidad cultural de Santa Coloma de Gramenet.<\/p>\n<p data-start=\"633\" data-end=\"937\">En esta edici\u00f3n, la entidad armenia present\u00f3 dos delicias tradicionales de su gastronom\u00eda: el <strong data-start=\"727\" data-end=\"742\">Pasus Dolma<\/strong>, un plato t\u00edpico elaborado con verduras rellenas de una mezcla de legumbres, y los <strong data-start=\"834\" data-end=\"854\">pasteles de miel<\/strong>, un postre artesanal que refleja la hospitalidad y dulzura de la cocina armenia.<\/p>\n<p data-start=\"633\" data-end=\"937\"><img loading=\"lazy\" decoding=\"async\" class=\"alignnone size-medium wp-image-1069\" src=\"https:\/\/armeniahoy.com\/wp-content\/uploads\/2025\/11\/artsaj-sabors-del-mon-225x300.jpg\" alt=\"\" width=\"225\" height=\"300\" srcset=\"https:\/\/armeniahoy.com\/wp-content\/uploads\/2025\/11\/artsaj-sabors-del-mon-225x300.jpg 225w, https:\/\/armeniahoy.com\/wp-content\/uploads\/2025\/11\/artsaj-sabors-del-mon-768x1024.jpg 768w, https:\/\/armeniahoy.com\/wp-content\/uploads\/2025\/11\/artsaj-sabors-del-mon-1152x1536.jpg 1152w, https:\/\/armeniahoy.com\/wp-content\/uploads\/2025\/11\/artsaj-sabors-del-mon-1536x2048.jpg 1536w, https:\/\/armeniahoy.com\/wp-content\/uploads\/2025\/11\/artsaj-sabors-del-mon-315x420.jpg 315w, https:\/\/armeniahoy.com\/wp-content\/uploads\/2025\/11\/artsaj-sabors-del-mon-640x853.jpg 640w, https:\/\/armeniahoy.com\/wp-content\/uploads\/2025\/11\/artsaj-sabors-del-mon-681x908.jpg 681w, https:\/\/armeniahoy.com\/wp-content\/uploads\/2025\/11\/artsaj-sabors-del-mon.jpg 1920w\" sizes=\"auto, (max-width: 225px) 100vw, 225px\" \/><\/p>\n<p data-start=\"939\" data-end=\"1201\">La feria <em data-start=\"948\" data-end=\"964\">Sabors del M\u00f3n<\/em> re\u00fane cada a\u00f1o a entidades, asociaciones y restauradores de la ciudad, una ciudad donde residen mas de\u00a0 <strong data-start=\"1030\" data-end=\"1052\">100 nacionalidades, <\/strong>la feria as\u00ed se convierte en un espacio de encuentro, intercambio cultural y respeto mutuo a trav\u00e9s de la comida, la m\u00fasica y la cultura.<\/p>\n<p data-start=\"939\" data-end=\"1201\"><img loading=\"lazy\" decoding=\"async\" class=\"alignnone size-medium wp-image-1066\" src=\"https:\/\/armeniahoy.com\/wp-content\/uploads\/2025\/11\/sabors-del-mon-240x300.jpg\" alt=\"\" width=\"240\" height=\"300\" srcset=\"https:\/\/armeniahoy.com\/wp-content\/uploads\/2025\/11\/sabors-del-mon-240x300.jpg 240w, https:\/\/armeniahoy.com\/wp-content\/uploads\/2025\/11\/sabors-del-mon-819x1024.jpg 819w, https:\/\/armeniahoy.com\/wp-content\/uploads\/2025\/11\/sabors-del-mon-768x960.jpg 768w, https:\/\/armeniahoy.com\/wp-content\/uploads\/2025\/11\/sabors-del-mon-336x420.jpg 336w, https:\/\/armeniahoy.com\/wp-content\/uploads\/2025\/11\/sabors-del-mon-640x800.jpg 640w, https:\/\/armeniahoy.com\/wp-content\/uploads\/2025\/11\/sabors-del-mon-681x851.jpg 681w, https:\/\/armeniahoy.com\/wp-content\/uploads\/2025\/11\/sabors-del-mon.jpg 960w\" sizes=\"auto, (max-width: 240px) 100vw, 240px\" \/><\/p>\n<p data-start=\"1203\" data-end=\"1422\">\u201cPara nosotros es un orgullo poder compartir un pedacito de Armenia con nuestros vecinos y mostrar c\u00f3mo la gastronom\u00eda une a las personas m\u00e1s all\u00e1 de las fronteras\u201d y agradecemos por la oportunidad que nos dan los organizadores, destac\u00f3 Sarkis Hakobyan representante de la Asociaci\u00f3n <em data-start=\"1411\" data-end=\"1419\">Ararat<\/em>.<\/p>\n<p data-start=\"1203\" data-end=\"1422\"><img loading=\"lazy\" decoding=\"async\" class=\"alignnone size-medium wp-image-1067\" src=\"https:\/\/armeniahoy.com\/wp-content\/uploads\/2025\/11\/sarkis-hakobyan-225x300.jpg\" alt=\"\" width=\"225\" height=\"300\" srcset=\"https:\/\/armeniahoy.com\/wp-content\/uploads\/2025\/11\/sarkis-hakobyan-225x300.jpg 225w, https:\/\/armeniahoy.com\/wp-content\/uploads\/2025\/11\/sarkis-hakobyan-768x1024.jpg 768w, https:\/\/armeniahoy.com\/wp-content\/uploads\/2025\/11\/sarkis-hakobyan-1152x1536.jpg 1152w, https:\/\/armeniahoy.com\/wp-content\/uploads\/2025\/11\/sarkis-hakobyan-1536x2048.jpg 1536w, https:\/\/armeniahoy.com\/wp-content\/uploads\/2025\/11\/sarkis-hakobyan-315x420.jpg 315w, https:\/\/armeniahoy.com\/wp-content\/uploads\/2025\/11\/sarkis-hakobyan-640x853.jpg 640w, https:\/\/armeniahoy.com\/wp-content\/uploads\/2025\/11\/sarkis-hakobyan-681x908.jpg 681w, https:\/\/armeniahoy.com\/wp-content\/uploads\/2025\/11\/sarkis-hakobyan.jpg 1920w\" sizes=\"auto, (max-width: 225px) 100vw, 225px\" \/><\/p>\n","protected":false},"excerpt":{"rendered":"<p>La Asociaci\u00f3n Armenia en Catalunya Ararat ha participado en la reconocida Fira Gastron\u00f2mica Sabors del M\u00f3n, un evento que celebra la convivencia y la diversidad cultural de Santa Coloma de Gramenet. En esta edici\u00f3n, la entidad armenia present\u00f3 dos delicias tradicionales de su gastronom\u00eda: el Pasus Dolma, un plato t\u00edpico elaborado con verduras rellenas de [&hellip;]<\/p>\n","protected":false},"author":1,"featured_media":1068,"comment_status":"open","ping_status":"open","sticky":false,"template":"","format":"standard","meta":{"tdm_status":"","tdm_grid_status":"","footnotes":""},"categories":[18],"tags":[],"class_list":["post-1065","post","type-post","status-publish","format-standard","has-post-thumbnail","hentry","category-asociacion-ararat"],"yoast_head":"<!-- This site is optimized with the Yoast SEO plugin v23.5 - https:\/\/yoast.com\/wordpress\/plugins\/seo\/ -->\n<title>La Asociaci\u00f3n Armenia en Catalunya \u201cArarat\u201d lleva los sabores de Armenia a la Fira Gastron\u00f2mica &quot;Sabors del M\u00f3n&quot; de Santa Coloma de Gramenet - Armeniahoy<\/title>\n<meta name=\"robots\" content=\"index, follow, max-snippet:-1, max-image-preview:large, max-video-preview:-1\" \/>\n<link rel=\"canonical\" href=\"https:\/\/armeniahoy.com\/index.php\/2025\/11\/10\/la-asociacion-armenia-en-catalunya-ararat-lleva-los-sabores-de-armenia-a-la-fira-gastronomica-sabors-del-mon-de-santa-coloma-de-gramenet\/\" \/>\n<meta property=\"og:locale\" content=\"en_GB\" \/>\n<meta property=\"og:type\" content=\"article\" \/>\n<meta property=\"og:title\" content=\"La Asociaci\u00f3n Armenia en Catalunya \u201cArarat\u201d lleva los sabores de Armenia a la Fira Gastron\u00f2mica &quot;Sabors del M\u00f3n&quot; de Santa Coloma de Gramenet - Armeniahoy\" \/>\n<meta property=\"og:description\" content=\"La Asociaci\u00f3n Armenia en Catalunya Ararat ha participado en la reconocida Fira Gastron\u00f2mica Sabors del M\u00f3n, un evento que celebra la convivencia y la diversidad cultural de Santa Coloma de Gramenet. En esta edici\u00f3n, la entidad armenia present\u00f3 dos delicias tradicionales de su gastronom\u00eda: el Pasus Dolma, un plato t\u00edpico elaborado con verduras rellenas de [&hellip;]\" \/>\n<meta property=\"og:url\" content=\"https:\/\/armeniahoy.com\/index.php\/2025\/11\/10\/la-asociacion-armenia-en-catalunya-ararat-lleva-los-sabores-de-armenia-a-la-fira-gastronomica-sabors-del-mon-de-santa-coloma-de-gramenet\/\" \/>\n<meta property=\"og:site_name\" content=\"Armeniahoy\" \/>\n<meta property=\"article:published_time\" content=\"2025-11-10T06:04:25+00:00\" \/>\n<meta property=\"article:modified_time\" content=\"2025-11-10T06:06:04+00:00\" \/>\n<meta property=\"og:image\" content=\"https:\/\/armeniahoy.com\/wp-content\/uploads\/2025\/11\/narek-sarkis.jpg\" \/>\n\t<meta property=\"og:image:width\" content=\"1920\" \/>\n\t<meta property=\"og:image:height\" content=\"2560\" \/>\n\t<meta property=\"og:image:type\" content=\"image\/jpeg\" \/>\n<meta name=\"author\" content=\"Armeniahoy_admin\" \/>\n<meta name=\"twitter:card\" content=\"summary_large_image\" \/>\n<meta name=\"twitter:label1\" content=\"Written by\" \/>\n\t<meta name=\"twitter:data1\" content=\"Armeniahoy_admin\" \/>\n\t<meta name=\"twitter:label2\" content=\"Estimated reading time\" \/>\n\t<meta name=\"twitter:data2\" content=\"2 minutes\" \/>\n<script type=\"application\/ld+json\" class=\"yoast-schema-graph\">{\"@context\":\"https:\/\/schema.org\",\"@graph\":[{\"@type\":\"WebPage\",\"@id\":\"https:\/\/armeniahoy.com\/index.php\/2025\/11\/10\/la-asociacion-armenia-en-catalunya-ararat-lleva-los-sabores-de-armenia-a-la-fira-gastronomica-sabors-del-mon-de-santa-coloma-de-gramenet\/\",\"url\":\"https:\/\/armeniahoy.com\/index.php\/2025\/11\/10\/la-asociacion-armenia-en-catalunya-ararat-lleva-los-sabores-de-armenia-a-la-fira-gastronomica-sabors-del-mon-de-santa-coloma-de-gramenet\/\",\"name\":\"La Asociaci\u00f3n Armenia en Catalunya \u201cArarat\u201d lleva los sabores de Armenia a la Fira Gastron\u00f2mica \\\"Sabors del M\u00f3n\\\" de Santa Coloma de Gramenet - Armeniahoy\",\"isPartOf\":{\"@id\":\"https:\/\/armeniahoy.com\/#website\"},\"primaryImageOfPage\":{\"@id\":\"https:\/\/armeniahoy.com\/index.php\/2025\/11\/10\/la-asociacion-armenia-en-catalunya-ararat-lleva-los-sabores-de-armenia-a-la-fira-gastronomica-sabors-del-mon-de-santa-coloma-de-gramenet\/#primaryimage\"},\"image\":{\"@id\":\"https:\/\/armeniahoy.com\/index.php\/2025\/11\/10\/la-asociacion-armenia-en-catalunya-ararat-lleva-los-sabores-de-armenia-a-la-fira-gastronomica-sabors-del-mon-de-santa-coloma-de-gramenet\/#primaryimage\"},\"thumbnailUrl\":\"https:\/\/armeniahoy.com\/wp-content\/uploads\/2025\/11\/narek-sarkis.jpg\",\"datePublished\":\"2025-11-10T06:04:25+00:00\",\"dateModified\":\"2025-11-10T06:06:04+00:00\",\"author\":{\"@id\":\"https:\/\/armeniahoy.com\/#\/schema\/person\/43a6ddf56577bb96aa082771596ed2b8\"},\"breadcrumb\":{\"@id\":\"https:\/\/armeniahoy.com\/index.php\/2025\/11\/10\/la-asociacion-armenia-en-catalunya-ararat-lleva-los-sabores-de-armenia-a-la-fira-gastronomica-sabors-del-mon-de-santa-coloma-de-gramenet\/#breadcrumb\"},\"inLanguage\":\"en-GB\",\"potentialAction\":[{\"@type\":\"ReadAction\",\"target\":[\"https:\/\/armeniahoy.com\/index.php\/2025\/11\/10\/la-asociacion-armenia-en-catalunya-ararat-lleva-los-sabores-de-armenia-a-la-fira-gastronomica-sabors-del-mon-de-santa-coloma-de-gramenet\/\"]}]},{\"@type\":\"ImageObject\",\"inLanguage\":\"en-GB\",\"@id\":\"https:\/\/armeniahoy.com\/index.php\/2025\/11\/10\/la-asociacion-armenia-en-catalunya-ararat-lleva-los-sabores-de-armenia-a-la-fira-gastronomica-sabors-del-mon-de-santa-coloma-de-gramenet\/#primaryimage\",\"url\":\"https:\/\/armeniahoy.com\/wp-content\/uploads\/2025\/11\/narek-sarkis.jpg\",\"contentUrl\":\"https:\/\/armeniahoy.com\/wp-content\/uploads\/2025\/11\/narek-sarkis.jpg\",\"width\":1920,\"height\":2560},{\"@type\":\"BreadcrumbList\",\"@id\":\"https:\/\/armeniahoy.com\/index.php\/2025\/11\/10\/la-asociacion-armenia-en-catalunya-ararat-lleva-los-sabores-de-armenia-a-la-fira-gastronomica-sabors-del-mon-de-santa-coloma-de-gramenet\/#breadcrumb\",\"itemListElement\":[{\"@type\":\"ListItem\",\"position\":1,\"name\":\"Home\",\"item\":\"https:\/\/armeniahoy.com\/\"},{\"@type\":\"ListItem\",\"position\":2,\"name\":\"La Asociaci\u00f3n Armenia en Catalunya \u201cArarat\u201d lleva los sabores de Armenia a la Fira Gastron\u00f2mica &#8220;Sabors del M\u00f3n&#8221; de Santa Coloma de Gramenet\"}]},{\"@type\":\"WebSite\",\"@id\":\"https:\/\/armeniahoy.com\/#website\",\"url\":\"https:\/\/armeniahoy.com\/\",\"name\":\"Armeniahoy\",\"description\":\"\",\"potentialAction\":[{\"@type\":\"SearchAction\",\"target\":{\"@type\":\"EntryPoint\",\"urlTemplate\":\"https:\/\/armeniahoy.com\/?s={search_term_string}\"},\"query-input\":{\"@type\":\"PropertyValueSpecification\",\"valueRequired\":true,\"valueName\":\"search_term_string\"}}],\"inLanguage\":\"en-GB\"},{\"@type\":\"Person\",\"@id\":\"https:\/\/armeniahoy.com\/#\/schema\/person\/43a6ddf56577bb96aa082771596ed2b8\",\"name\":\"Armeniahoy_admin\",\"image\":{\"@type\":\"ImageObject\",\"inLanguage\":\"en-GB\",\"@id\":\"https:\/\/armeniahoy.com\/#\/schema\/person\/image\/\",\"url\":\"https:\/\/secure.gravatar.com\/avatar\/1cfeedda9358b4c7ba0966e36afc065f831e834b008a63b630ebd4be3da5e489?s=96&d=mm&r=g\",\"contentUrl\":\"https:\/\/secure.gravatar.com\/avatar\/1cfeedda9358b4c7ba0966e36afc065f831e834b008a63b630ebd4be3da5e489?s=96&d=mm&r=g\",\"caption\":\"Armeniahoy_admin\"},\"sameAs\":[\"https:\/\/armeniahoy.com\"],\"url\":\"https:\/\/armeniahoy.com\/index.php\/author\/armeniahoy_admin\/\"}]}<\/script>\n<!-- \/ Yoast SEO plugin. -->","yoast_head_json":{"title":"La Asociaci\u00f3n Armenia en Catalunya \u201cArarat\u201d lleva los sabores de Armenia a la Fira Gastron\u00f2mica \"Sabors del M\u00f3n\" de Santa Coloma de Gramenet - Armeniahoy","robots":{"index":"index","follow":"follow","max-snippet":"max-snippet:-1","max-image-preview":"max-image-preview:large","max-video-preview":"max-video-preview:-1"},"canonical":"https:\/\/armeniahoy.com\/index.php\/2025\/11\/10\/la-asociacion-armenia-en-catalunya-ararat-lleva-los-sabores-de-armenia-a-la-fira-gastronomica-sabors-del-mon-de-santa-coloma-de-gramenet\/","og_locale":"en_GB","og_type":"article","og_title":"La Asociaci\u00f3n Armenia en Catalunya \u201cArarat\u201d lleva los sabores de Armenia a la Fira Gastron\u00f2mica \"Sabors del M\u00f3n\" de Santa Coloma de Gramenet - Armeniahoy","og_description":"La Asociaci\u00f3n Armenia en Catalunya Ararat ha participado en la reconocida Fira Gastron\u00f2mica Sabors del M\u00f3n, un evento que celebra la convivencia y la diversidad cultural de Santa Coloma de Gramenet. En esta edici\u00f3n, la entidad armenia present\u00f3 dos delicias tradicionales de su gastronom\u00eda: el Pasus Dolma, un plato t\u00edpico elaborado con verduras rellenas de [&hellip;]","og_url":"https:\/\/armeniahoy.com\/index.php\/2025\/11\/10\/la-asociacion-armenia-en-catalunya-ararat-lleva-los-sabores-de-armenia-a-la-fira-gastronomica-sabors-del-mon-de-santa-coloma-de-gramenet\/","og_site_name":"Armeniahoy","article_published_time":"2025-11-10T06:04:25+00:00","article_modified_time":"2025-11-10T06:06:04+00:00","og_image":[{"width":1920,"height":2560,"url":"https:\/\/armeniahoy.com\/wp-content\/uploads\/2025\/11\/narek-sarkis.jpg","type":"image\/jpeg"}],"author":"Armeniahoy_admin","twitter_card":"summary_large_image","twitter_misc":{"Written by":"Armeniahoy_admin","Estimated reading time":"2 minutes"},"schema":{"@context":"https:\/\/schema.org","@graph":[{"@type":"WebPage","@id":"https:\/\/armeniahoy.com\/index.php\/2025\/11\/10\/la-asociacion-armenia-en-catalunya-ararat-lleva-los-sabores-de-armenia-a-la-fira-gastronomica-sabors-del-mon-de-santa-coloma-de-gramenet\/","url":"https:\/\/armeniahoy.com\/index.php\/2025\/11\/10\/la-asociacion-armenia-en-catalunya-ararat-lleva-los-sabores-de-armenia-a-la-fira-gastronomica-sabors-del-mon-de-santa-coloma-de-gramenet\/","name":"La Asociaci\u00f3n Armenia en Catalunya \u201cArarat\u201d lleva los sabores de Armenia a la Fira Gastron\u00f2mica \"Sabors del M\u00f3n\" de Santa Coloma de Gramenet - Armeniahoy","isPartOf":{"@id":"https:\/\/armeniahoy.com\/#website"},"primaryImageOfPage":{"@id":"https:\/\/armeniahoy.com\/index.php\/2025\/11\/10\/la-asociacion-armenia-en-catalunya-ararat-lleva-los-sabores-de-armenia-a-la-fira-gastronomica-sabors-del-mon-de-santa-coloma-de-gramenet\/#primaryimage"},"image":{"@id":"https:\/\/armeniahoy.com\/index.php\/2025\/11\/10\/la-asociacion-armenia-en-catalunya-ararat-lleva-los-sabores-de-armenia-a-la-fira-gastronomica-sabors-del-mon-de-santa-coloma-de-gramenet\/#primaryimage"},"thumbnailUrl":"https:\/\/armeniahoy.com\/wp-content\/uploads\/2025\/11\/narek-sarkis.jpg","datePublished":"2025-11-10T06:04:25+00:00","dateModified":"2025-11-10T06:06:04+00:00","author":{"@id":"https:\/\/armeniahoy.com\/#\/schema\/person\/43a6ddf56577bb96aa082771596ed2b8"},"breadcrumb":{"@id":"https:\/\/armeniahoy.com\/index.php\/2025\/11\/10\/la-asociacion-armenia-en-catalunya-ararat-lleva-los-sabores-de-armenia-a-la-fira-gastronomica-sabors-del-mon-de-santa-coloma-de-gramenet\/#breadcrumb"},"inLanguage":"en-GB","potentialAction":[{"@type":"ReadAction","target":["https:\/\/armeniahoy.com\/index.php\/2025\/11\/10\/la-asociacion-armenia-en-catalunya-ararat-lleva-los-sabores-de-armenia-a-la-fira-gastronomica-sabors-del-mon-de-santa-coloma-de-gramenet\/"]}]},{"@type":"ImageObject","inLanguage":"en-GB","@id":"https:\/\/armeniahoy.com\/index.php\/2025\/11\/10\/la-asociacion-armenia-en-catalunya-ararat-lleva-los-sabores-de-armenia-a-la-fira-gastronomica-sabors-del-mon-de-santa-coloma-de-gramenet\/#primaryimage","url":"https:\/\/armeniahoy.com\/wp-content\/uploads\/2025\/11\/narek-sarkis.jpg","contentUrl":"https:\/\/armeniahoy.com\/wp-content\/uploads\/2025\/11\/narek-sarkis.jpg","width":1920,"height":2560},{"@type":"BreadcrumbList","@id":"https:\/\/armeniahoy.com\/index.php\/2025\/11\/10\/la-asociacion-armenia-en-catalunya-ararat-lleva-los-sabores-de-armenia-a-la-fira-gastronomica-sabors-del-mon-de-santa-coloma-de-gramenet\/#breadcrumb","itemListElement":[{"@type":"ListItem","position":1,"name":"Home","item":"https:\/\/armeniahoy.com\/"},{"@type":"ListItem","position":2,"name":"La Asociaci\u00f3n Armenia en Catalunya \u201cArarat\u201d lleva los sabores de Armenia a la Fira Gastron\u00f2mica &#8220;Sabors del M\u00f3n&#8221; de Santa Coloma de Gramenet"}]},{"@type":"WebSite","@id":"https:\/\/armeniahoy.com\/#website","url":"https:\/\/armeniahoy.com\/","name":"Armeniahoy","description":"","potentialAction":[{"@type":"SearchAction","target":{"@type":"EntryPoint","urlTemplate":"https:\/\/armeniahoy.com\/?s={search_term_string}"},"query-input":{"@type":"PropertyValueSpecification","valueRequired":true,"valueName":"search_term_string"}}],"inLanguage":"en-GB"},{"@type":"Person","@id":"https:\/\/armeniahoy.com\/#\/schema\/person\/43a6ddf56577bb96aa082771596ed2b8","name":"Armeniahoy_admin","image":{"@type":"ImageObject","inLanguage":"en-GB","@id":"https:\/\/armeniahoy.com\/#\/schema\/person\/image\/","url":"https:\/\/secure.gravatar.com\/avatar\/1cfeedda9358b4c7ba0966e36afc065f831e834b008a63b630ebd4be3da5e489?s=96&d=mm&r=g","contentUrl":"https:\/\/secure.gravatar.com\/avatar\/1cfeedda9358b4c7ba0966e36afc065f831e834b008a63b630ebd4be3da5e489?s=96&d=mm&r=g","caption":"Armeniahoy_admin"},"sameAs":["https:\/\/armeniahoy.com"],"url":"https:\/\/armeniahoy.com\/index.php\/author\/armeniahoy_admin\/"}]}},"_links":{"self":[{"href":"https:\/\/armeniahoy.com\/index.php\/wp-json\/wp\/v2\/posts\/1065","targetHints":{"allow":["GET"]}}],"collection":[{"href":"https:\/\/armeniahoy.com\/index.php\/wp-json\/wp\/v2\/posts"}],"about":[{"href":"https:\/\/armeniahoy.com\/index.php\/wp-json\/wp\/v2\/types\/post"}],"author":[{"embeddable":true,"href":"https:\/\/armeniahoy.com\/index.php\/wp-json\/wp\/v2\/users\/1"}],"replies":[{"embeddable":true,"href":"https:\/\/armeniahoy.com\/index.php\/wp-json\/wp\/v2\/comments?post=1065"}],"version-history":[{"count":2,"href":"https:\/\/armeniahoy.com\/index.php\/wp-json\/wp\/v2\/posts\/1065\/revisions"}],"predecessor-version":[{"id":1071,"href":"https:\/\/armeniahoy.com\/index.php\/wp-json\/wp\/v2\/posts\/1065\/revisions\/1071"}],"wp:featuredmedia":[{"embeddable":true,"href":"https:\/\/armeniahoy.com\/index.php\/wp-json\/wp\/v2\/media\/1068"}],"wp:attachment":[{"href":"https:\/\/armeniahoy.com\/index.php\/wp-json\/wp\/v2\/media?parent=1065"}],"wp:term":[{"taxonomy":"category","embeddable":true,"href":"https:\/\/armeniahoy.com\/index.php\/wp-json\/wp\/v2\/categories?post=1065"},{"taxonomy":"post_tag","embeddable":true,"href":"https:\/\/armeniahoy.com\/index.php\/wp-json\/wp\/v2\/tags?post=1065"}],"curies":[{"name":"wp","href":"https:\/\/api.w.org\/{rel}","templated":true}]}}