{"id":191,"date":"2024-09-16T21:06:27","date_gmt":"2024-09-16T21:06:27","guid":{"rendered":"https:\/\/armeniahoy.com\/?p=191"},"modified":"2024-09-16T21:06:27","modified_gmt":"2024-09-16T21:06:27","slug":"conferencia-de-prensa-de-luis-moreno-ocampo-en-armenia","status":"publish","type":"post","link":"https:\/\/armeniahoy.com\/index.php\/2024\/09\/16\/conferencia-de-prensa-de-luis-moreno-ocampo-en-armenia\/","title":{"rendered":"Conferencia de prensa de Luis Moreno Ocampo en Armenia"},"content":{"rendered":"<h1><img loading=\"lazy\" decoding=\"async\" class=\"alignnone size-medium wp-image-192\" src=\"https:\/\/armeniahoy.com\/wp-content\/uploads\/2024\/09\/luis-moreno-ocampo-300x154.png\" alt=\"\" width=\"300\" height=\"154\" srcset=\"https:\/\/armeniahoy.com\/wp-content\/uploads\/2024\/09\/luis-moreno-ocampo-300x154.png 300w, https:\/\/armeniahoy.com\/wp-content\/uploads\/2024\/09\/luis-moreno-ocampo-1024x526.png 1024w, https:\/\/armeniahoy.com\/wp-content\/uploads\/2024\/09\/luis-moreno-ocampo-768x395.png 768w, https:\/\/armeniahoy.com\/wp-content\/uploads\/2024\/09\/luis-moreno-ocampo-817x420.png 817w, https:\/\/armeniahoy.com\/wp-content\/uploads\/2024\/09\/luis-moreno-ocampo-640x329.png 640w, https:\/\/armeniahoy.com\/wp-content\/uploads\/2024\/09\/luis-moreno-ocampo-681x350.png 681w, https:\/\/armeniahoy.com\/wp-content\/uploads\/2024\/09\/luis-moreno-ocampo.png 1047w\" sizes=\"auto, (max-width: 300px) 100vw, 300px\" \/>Conferencia de prensa de Luis Moreno Ocampo en Armenia: \u201cEsta es la primera vez que veo cooperaci\u00f3n a nivel global\u201d<\/h1>\n<div class=\"\">13 de septiembre de 2024<\/div>\n<div class=\"wp-block-image\">\n<figure class=\"aligncenter size-full\"><img loading=\"lazy\" decoding=\"async\" class=\"wp-image-64082\" src=\"https:\/\/www.diarioarmenia.org.ar\/wp-content\/uploads\/2024\/09\/luis-moreno-ocampo.png\" alt=\"\" width=\"1047\" height=\"538\" \/><\/figure>\n<\/div>\n<p>El Dr. Luis Moreno Ocampo, primer fiscal jefe de la Corte Penal Internacional, brind\u00f3 una conferencia de prensa el 13 de septiembre en el marco de su visita a Armenia.<\/p>\n<p>&#8220;El presidente de Azerbaiy\u00e1n, Ilham Aliyev, es consciente de que si ataca a Armenia podr\u00eda ser acusado por la Corte Penal Internacional&#8221;,\u00a0<a href=\"https:\/\/armenpress.am\/hy\/article\/1199830\">declar\u00f3\u00a0<\/a>Moreno Ocampo, quien consider\u00f3 que &#8220;al incorporarse a la Corte Penal Internacional, Armenia ha adquirido un nuevo sistema de protecci\u00f3n&#8221;.<\/p>\n<p>Fuente : diarioarmenia<\/p>\n<p>De\u00a0<a href=\"https:\/\/armenpress.am\/hy\/article\/1199828\">acuerdo\u00a0<\/a>con el experto, &#8220;el derecho internacional est\u00e1 del lado de la poblaci\u00f3n armenia de Nagorno Karabaj, porque el derecho a regresar a la patria existe definitivamente&#8221;. &#8220;El derecho internacional es importante. Azerbaiy\u00e1n est\u00e1 obligado a entenderlo y respetarlo, porque habr\u00e1 consecuencias para Azerbaiy\u00e1n tambi\u00e9n&#8221;, afirm\u00f3 Ocampo, a\u00f1adiendo que el pueblo de Nagorno Karabaj tiene derechos. Detall\u00f3 que durante estos d\u00edas mantuvo reuniones con ex funcionarios de Nagorno Karabaj, ofreci\u00e9ndoles su ayuda en el regreso de la poblaci\u00f3n armenia a su patria. &#8220;Ahora podemos simplemente discutir c\u00f3mo planificaremos el regreso de los armenios y c\u00f3mo Azerbaiy\u00e1n reconocer\u00e1 los derechos del pueblo de Nagorno Karabaj y c\u00f3mo se deben implementar esos derechos. Sin embargo, para ello se necesita un programa de trabajo, un plan que ser\u00e1 desarrollado por el pueblo de Artsaj&#8221;, dijo Ocampo, enfatizando que este derecho existe, pero se necesitan condiciones relativamente favorables para su implementaci\u00f3n. Se\u00f1al\u00f3 que en esta situaci\u00f3n el derecho internacional est\u00e1 del lado de los armenios.<\/p>\n<p>En ese sentido, remarc\u00f3 la importancia de la\u00a0<a href=\"https:\/\/armenpress.am\/hy\/article\/1199825\">unificaci\u00f3n\u00a0<\/a>de esfuerzos de la comunidad armenia mundial en el proceso de liberaci\u00f3n de los prisioneros armenios detenidos en Bak\u00fa. &#8220;He participado en varios procesos relacionados con otros genocidios en el mundo y esta es la primera vez que veo cooperaci\u00f3n a nivel global, lo cual es un logro fant\u00e1stico. En otras palabras, los armenios est\u00e1n formando una experiencia sin precedentes de cooperaci\u00f3n tan activa. Esto es para proteger a Armenia y es extremadamente importante&#8221;, dijo Ocampo en su discurso, a\u00f1adiendo que todos los armenios deben hacer esfuerzos para liberar a los rehenes. Seg\u00fan su observaci\u00f3n, los armenios no est\u00e1n solos en este asunto, porque muchas universidades y comunidades acad\u00e9micas se han sumado a esta iniciativa. &#8220;La di\u00e1spora armenia puede, al menos, sumarse a este proceso&#8221;, enfatiz\u00f3 Moreno Ocampo.<\/p>\n<p><a href=\"https:\/\/armenpress.am\/hy\/article\/1199819\">Seg\u00fan\u00a0<\/a>Luis Moreno Ocampo, la cuesti\u00f3n de la liberaci\u00f3n de los armenios encarcelados en Azerbaiy\u00e1n deber\u00eda estar en la agenda y ser parte de los temas discutidos durante la cumbre COP29 que se celebrar\u00e1 en Bak\u00fa en noviembre. Consider\u00f3 extremadamente importante que durante la cumbre los participantes no descuiden el problema de los armenios encarcelados en Bak\u00fa y al mismo tiempo expres\u00f3 la esperanza de que los prisioneros armenios sean liberados antes de la cumbre. Seg\u00fan su observaci\u00f3n, los armenios encarcelados en Bak\u00fa son rehenes, no prisioneros de guerra. &#8220;Esas personas que ahora est\u00e1n en las c\u00e1rceles de Bak\u00fa no eran m\u00e1s que los l\u00edderes de Artsaj. Esto es triste, pero es similar a lo que sucedi\u00f3 en 1915, porque en ese momento la misi\u00f3n principal de los turcos era eliminar a los l\u00edderes de los armenios. Esto es lo mismo que pas\u00f3 en Nagorno Karabaj&#8221;, enfatiz\u00f3 Ocampo, reafirmando su opini\u00f3n de que el tema de la liberaci\u00f3n de los ex l\u00edderes pol\u00edtico-militares de Nagorno Karabaj debe estar en la agenda de la COP29 y ser parte de las discusiones. El principal mensaje de Ocampo es: &#8220;Liberen a los rehenes armenios, detengan el genocidio.<\/p>\n","protected":false},"excerpt":{"rendered":"<p>Conferencia de prensa de Luis Moreno Ocampo en Armenia: \u201cEsta es la primera vez que veo cooperaci\u00f3n a nivel global\u201d 13 de septiembre de 2024 El Dr. Luis Moreno Ocampo, primer fiscal jefe de la Corte Penal Internacional, brind\u00f3 una conferencia de prensa el 13 de septiembre en el marco de su visita a Armenia. [&hellip;]<\/p>\n","protected":false},"author":1,"featured_media":0,"comment_status":"open","ping_status":"open","sticky":false,"template":"","format":"standard","meta":{"tdm_status":"","tdm_grid_status":"","footnotes":""},"categories":[1],"tags":[],"class_list":["post-191","post","type-post","status-publish","format-standard","hentry","category-uncategorized"],"yoast_head":"<!-- This site is optimized with the Yoast SEO plugin v23.5 - https:\/\/yoast.com\/wordpress\/plugins\/seo\/ -->\n<title>Conferencia de prensa de Luis Moreno Ocampo en Armenia - Armeniahoy<\/title>\n<meta name=\"robots\" content=\"index, follow, max-snippet:-1, max-image-preview:large, max-video-preview:-1\" \/>\n<link rel=\"canonical\" href=\"https:\/\/armeniahoy.com\/index.php\/2024\/09\/16\/conferencia-de-prensa-de-luis-moreno-ocampo-en-armenia\/\" \/>\n<meta property=\"og:locale\" content=\"en_GB\" \/>\n<meta property=\"og:type\" content=\"article\" \/>\n<meta property=\"og:title\" content=\"Conferencia de prensa de Luis Moreno Ocampo en Armenia - Armeniahoy\" \/>\n<meta property=\"og:description\" content=\"Conferencia de prensa de Luis Moreno Ocampo en Armenia: \u201cEsta es la primera vez que veo cooperaci\u00f3n a nivel global\u201d 13 de septiembre de 2024 El Dr. Luis Moreno Ocampo, primer fiscal jefe de la Corte Penal Internacional, brind\u00f3 una conferencia de prensa el 13 de septiembre en el marco de su visita a Armenia. [&hellip;]\" \/>\n<meta property=\"og:url\" content=\"https:\/\/armeniahoy.com\/index.php\/2024\/09\/16\/conferencia-de-prensa-de-luis-moreno-ocampo-en-armenia\/\" \/>\n<meta property=\"og:site_name\" content=\"Armeniahoy\" \/>\n<meta property=\"article:published_time\" content=\"2024-09-16T21:06:27+00:00\" \/>\n<meta property=\"og:image\" content=\"https:\/\/armeniahoy.com\/wp-content\/uploads\/2024\/09\/luis-moreno-ocampo-300x154.png\" \/>\n<meta name=\"author\" content=\"Armeniahoy_admin\" \/>\n<meta name=\"twitter:card\" content=\"summary_large_image\" \/>\n<meta name=\"twitter:label1\" content=\"Written by\" \/>\n\t<meta name=\"twitter:data1\" content=\"Armeniahoy_admin\" \/>\n\t<meta name=\"twitter:label2\" content=\"Estimated reading time\" \/>\n\t<meta name=\"twitter:data2\" content=\"3 minutes\" \/>\n<script type=\"application\/ld+json\" class=\"yoast-schema-graph\">{\"@context\":\"https:\/\/schema.org\",\"@graph\":[{\"@type\":\"WebPage\",\"@id\":\"https:\/\/armeniahoy.com\/index.php\/2024\/09\/16\/conferencia-de-prensa-de-luis-moreno-ocampo-en-armenia\/\",\"url\":\"https:\/\/armeniahoy.com\/index.php\/2024\/09\/16\/conferencia-de-prensa-de-luis-moreno-ocampo-en-armenia\/\",\"name\":\"Conferencia de prensa de Luis Moreno Ocampo en Armenia - Armeniahoy\",\"isPartOf\":{\"@id\":\"https:\/\/armeniahoy.com\/#website\"},\"primaryImageOfPage\":{\"@id\":\"https:\/\/armeniahoy.com\/index.php\/2024\/09\/16\/conferencia-de-prensa-de-luis-moreno-ocampo-en-armenia\/#primaryimage\"},\"image\":{\"@id\":\"https:\/\/armeniahoy.com\/index.php\/2024\/09\/16\/conferencia-de-prensa-de-luis-moreno-ocampo-en-armenia\/#primaryimage\"},\"thumbnailUrl\":\"https:\/\/armeniahoy.com\/wp-content\/uploads\/2024\/09\/luis-moreno-ocampo-300x154.png\",\"datePublished\":\"2024-09-16T21:06:27+00:00\",\"dateModified\":\"2024-09-16T21:06:27+00:00\",\"author\":{\"@id\":\"https:\/\/armeniahoy.com\/#\/schema\/person\/43a6ddf56577bb96aa082771596ed2b8\"},\"breadcrumb\":{\"@id\":\"https:\/\/armeniahoy.com\/index.php\/2024\/09\/16\/conferencia-de-prensa-de-luis-moreno-ocampo-en-armenia\/#breadcrumb\"},\"inLanguage\":\"en-GB\",\"potentialAction\":[{\"@type\":\"ReadAction\",\"target\":[\"https:\/\/armeniahoy.com\/index.php\/2024\/09\/16\/conferencia-de-prensa-de-luis-moreno-ocampo-en-armenia\/\"]}]},{\"@type\":\"ImageObject\",\"inLanguage\":\"en-GB\",\"@id\":\"https:\/\/armeniahoy.com\/index.php\/2024\/09\/16\/conferencia-de-prensa-de-luis-moreno-ocampo-en-armenia\/#primaryimage\",\"url\":\"https:\/\/armeniahoy.com\/wp-content\/uploads\/2024\/09\/luis-moreno-ocampo.png\",\"contentUrl\":\"https:\/\/armeniahoy.com\/wp-content\/uploads\/2024\/09\/luis-moreno-ocampo.png\",\"width\":1047,\"height\":538},{\"@type\":\"BreadcrumbList\",\"@id\":\"https:\/\/armeniahoy.com\/index.php\/2024\/09\/16\/conferencia-de-prensa-de-luis-moreno-ocampo-en-armenia\/#breadcrumb\",\"itemListElement\":[{\"@type\":\"ListItem\",\"position\":1,\"name\":\"Home\",\"item\":\"https:\/\/armeniahoy.com\/\"},{\"@type\":\"ListItem\",\"position\":2,\"name\":\"Conferencia de prensa de Luis Moreno Ocampo en Armenia\"}]},{\"@type\":\"WebSite\",\"@id\":\"https:\/\/armeniahoy.com\/#website\",\"url\":\"https:\/\/armeniahoy.com\/\",\"name\":\"Armeniahoy\",\"description\":\"\",\"potentialAction\":[{\"@type\":\"SearchAction\",\"target\":{\"@type\":\"EntryPoint\",\"urlTemplate\":\"https:\/\/armeniahoy.com\/?s={search_term_string}\"},\"query-input\":{\"@type\":\"PropertyValueSpecification\",\"valueRequired\":true,\"valueName\":\"search_term_string\"}}],\"inLanguage\":\"en-GB\"},{\"@type\":\"Person\",\"@id\":\"https:\/\/armeniahoy.com\/#\/schema\/person\/43a6ddf56577bb96aa082771596ed2b8\",\"name\":\"Armeniahoy_admin\",\"image\":{\"@type\":\"ImageObject\",\"inLanguage\":\"en-GB\",\"@id\":\"https:\/\/armeniahoy.com\/#\/schema\/person\/image\/\",\"url\":\"https:\/\/secure.gravatar.com\/avatar\/1cfeedda9358b4c7ba0966e36afc065f831e834b008a63b630ebd4be3da5e489?s=96&d=mm&r=g\",\"contentUrl\":\"https:\/\/secure.gravatar.com\/avatar\/1cfeedda9358b4c7ba0966e36afc065f831e834b008a63b630ebd4be3da5e489?s=96&d=mm&r=g\",\"caption\":\"Armeniahoy_admin\"},\"sameAs\":[\"https:\/\/armeniahoy.com\"],\"url\":\"https:\/\/armeniahoy.com\/index.php\/author\/armeniahoy_admin\/\"}]}<\/script>\n<!-- \/ Yoast SEO plugin. -->","yoast_head_json":{"title":"Conferencia de prensa de Luis Moreno Ocampo en Armenia - Armeniahoy","robots":{"index":"index","follow":"follow","max-snippet":"max-snippet:-1","max-image-preview":"max-image-preview:large","max-video-preview":"max-video-preview:-1"},"canonical":"https:\/\/armeniahoy.com\/index.php\/2024\/09\/16\/conferencia-de-prensa-de-luis-moreno-ocampo-en-armenia\/","og_locale":"en_GB","og_type":"article","og_title":"Conferencia de prensa de Luis Moreno Ocampo en Armenia - Armeniahoy","og_description":"Conferencia de prensa de Luis Moreno Ocampo en Armenia: \u201cEsta es la primera vez que veo cooperaci\u00f3n a nivel global\u201d 13 de septiembre de 2024 El Dr. Luis Moreno Ocampo, primer fiscal jefe de la Corte Penal Internacional, brind\u00f3 una conferencia de prensa el 13 de septiembre en el marco de su visita a Armenia. [&hellip;]","og_url":"https:\/\/armeniahoy.com\/index.php\/2024\/09\/16\/conferencia-de-prensa-de-luis-moreno-ocampo-en-armenia\/","og_site_name":"Armeniahoy","article_published_time":"2024-09-16T21:06:27+00:00","og_image":[{"url":"https:\/\/armeniahoy.com\/wp-content\/uploads\/2024\/09\/luis-moreno-ocampo-300x154.png"}],"author":"Armeniahoy_admin","twitter_card":"summary_large_image","twitter_misc":{"Written by":"Armeniahoy_admin","Estimated reading time":"3 minutes"},"schema":{"@context":"https:\/\/schema.org","@graph":[{"@type":"WebPage","@id":"https:\/\/armeniahoy.com\/index.php\/2024\/09\/16\/conferencia-de-prensa-de-luis-moreno-ocampo-en-armenia\/","url":"https:\/\/armeniahoy.com\/index.php\/2024\/09\/16\/conferencia-de-prensa-de-luis-moreno-ocampo-en-armenia\/","name":"Conferencia de prensa de Luis Moreno Ocampo en Armenia - Armeniahoy","isPartOf":{"@id":"https:\/\/armeniahoy.com\/#website"},"primaryImageOfPage":{"@id":"https:\/\/armeniahoy.com\/index.php\/2024\/09\/16\/conferencia-de-prensa-de-luis-moreno-ocampo-en-armenia\/#primaryimage"},"image":{"@id":"https:\/\/armeniahoy.com\/index.php\/2024\/09\/16\/conferencia-de-prensa-de-luis-moreno-ocampo-en-armenia\/#primaryimage"},"thumbnailUrl":"https:\/\/armeniahoy.com\/wp-content\/uploads\/2024\/09\/luis-moreno-ocampo-300x154.png","datePublished":"2024-09-16T21:06:27+00:00","dateModified":"2024-09-16T21:06:27+00:00","author":{"@id":"https:\/\/armeniahoy.com\/#\/schema\/person\/43a6ddf56577bb96aa082771596ed2b8"},"breadcrumb":{"@id":"https:\/\/armeniahoy.com\/index.php\/2024\/09\/16\/conferencia-de-prensa-de-luis-moreno-ocampo-en-armenia\/#breadcrumb"},"inLanguage":"en-GB","potentialAction":[{"@type":"ReadAction","target":["https:\/\/armeniahoy.com\/index.php\/2024\/09\/16\/conferencia-de-prensa-de-luis-moreno-ocampo-en-armenia\/"]}]},{"@type":"ImageObject","inLanguage":"en-GB","@id":"https:\/\/armeniahoy.com\/index.php\/2024\/09\/16\/conferencia-de-prensa-de-luis-moreno-ocampo-en-armenia\/#primaryimage","url":"https:\/\/armeniahoy.com\/wp-content\/uploads\/2024\/09\/luis-moreno-ocampo.png","contentUrl":"https:\/\/armeniahoy.com\/wp-content\/uploads\/2024\/09\/luis-moreno-ocampo.png","width":1047,"height":538},{"@type":"BreadcrumbList","@id":"https:\/\/armeniahoy.com\/index.php\/2024\/09\/16\/conferencia-de-prensa-de-luis-moreno-ocampo-en-armenia\/#breadcrumb","itemListElement":[{"@type":"ListItem","position":1,"name":"Home","item":"https:\/\/armeniahoy.com\/"},{"@type":"ListItem","position":2,"name":"Conferencia de prensa de Luis Moreno Ocampo en Armenia"}]},{"@type":"WebSite","@id":"https:\/\/armeniahoy.com\/#website","url":"https:\/\/armeniahoy.com\/","name":"Armeniahoy","description":"","potentialAction":[{"@type":"SearchAction","target":{"@type":"EntryPoint","urlTemplate":"https:\/\/armeniahoy.com\/?s={search_term_string}"},"query-input":{"@type":"PropertyValueSpecification","valueRequired":true,"valueName":"search_term_string"}}],"inLanguage":"en-GB"},{"@type":"Person","@id":"https:\/\/armeniahoy.com\/#\/schema\/person\/43a6ddf56577bb96aa082771596ed2b8","name":"Armeniahoy_admin","image":{"@type":"ImageObject","inLanguage":"en-GB","@id":"https:\/\/armeniahoy.com\/#\/schema\/person\/image\/","url":"https:\/\/secure.gravatar.com\/avatar\/1cfeedda9358b4c7ba0966e36afc065f831e834b008a63b630ebd4be3da5e489?s=96&d=mm&r=g","contentUrl":"https:\/\/secure.gravatar.com\/avatar\/1cfeedda9358b4c7ba0966e36afc065f831e834b008a63b630ebd4be3da5e489?s=96&d=mm&r=g","caption":"Armeniahoy_admin"},"sameAs":["https:\/\/armeniahoy.com"],"url":"https:\/\/armeniahoy.com\/index.php\/author\/armeniahoy_admin\/"}]}},"_links":{"self":[{"href":"https:\/\/armeniahoy.com\/index.php\/wp-json\/wp\/v2\/posts\/191","targetHints":{"allow":["GET"]}}],"collection":[{"href":"https:\/\/armeniahoy.com\/index.php\/wp-json\/wp\/v2\/posts"}],"about":[{"href":"https:\/\/armeniahoy.com\/index.php\/wp-json\/wp\/v2\/types\/post"}],"author":[{"embeddable":true,"href":"https:\/\/armeniahoy.com\/index.php\/wp-json\/wp\/v2\/users\/1"}],"replies":[{"embeddable":true,"href":"https:\/\/armeniahoy.com\/index.php\/wp-json\/wp\/v2\/comments?post=191"}],"version-history":[{"count":1,"href":"https:\/\/armeniahoy.com\/index.php\/wp-json\/wp\/v2\/posts\/191\/revisions"}],"predecessor-version":[{"id":193,"href":"https:\/\/armeniahoy.com\/index.php\/wp-json\/wp\/v2\/posts\/191\/revisions\/193"}],"wp:attachment":[{"href":"https:\/\/armeniahoy.com\/index.php\/wp-json\/wp\/v2\/media?parent=191"}],"wp:term":[{"taxonomy":"category","embeddable":true,"href":"https:\/\/armeniahoy.com\/index.php\/wp-json\/wp\/v2\/categories?post=191"},{"taxonomy":"post_tag","embeddable":true,"href":"https:\/\/armeniahoy.com\/index.php\/wp-json\/wp\/v2\/tags?post=191"}],"curies":[{"name":"wp","href":"https:\/\/api.w.org\/{rel}","templated":true}]}}