{"id":268,"date":"2024-10-03T09:17:46","date_gmt":"2024-10-03T09:17:46","guid":{"rendered":"https:\/\/armeniahoy.com\/?p=268"},"modified":"2024-10-05T09:09:41","modified_gmt":"2024-10-05T09:09:41","slug":"slavi-avik-harutyunyan-publico-su-libro-sobre-la-prosa-armenia","status":"publish","type":"post","link":"https:\/\/armeniahoy.com\/index.php\/2024\/10\/03\/slavi-avik-harutyunyan-publico-su-libro-sobre-la-prosa-armenia\/","title":{"rendered":"Slavi Avik Harutyunyan public\u00f3 sobre la adaptaci\u00f3n cinematogr\u00e1fica de la prosa Armenia"},"content":{"rendered":"<p>Ediciones &#8220;Gisha&#8221; con el apoyo del Ministerio de Educaci\u00f3n y Cultura de Armenia public\u00f3 un nuevo libro del poeta, escritor y doctor en filosof\u00eda Slavi Avik Harutyunyan, \u00a0el t\u00edtulo del libro es &#8221; ausencia de texto adaptaci\u00f3n cinematogr\u00e1fica de la prosa art\u00edstica armenia&#8221; el autor presenta la adaptaci\u00f3n cinematogr\u00e1fica de obras literarias desde un punto de vista nuevo e interesante, que nos permite comprender con la mayor claridad posible el lenguaje cinematogr\u00e1fico y sus caracter\u00edsticas.<\/p>\n<p>el autor abord\u00f3 la adaptaci\u00f3n cinematogr\u00e1fica de obras literarias utilizando el ejemplo de las obras de escritores armenios, donde llega a la conclusi\u00f3n de que la adaptaci\u00f3n cinematogr\u00e1fica de la prosa no es solo una traducci\u00f3n del lenguaje literario al lenguaje cinematogr\u00e1fico,sino una nueva realidad art\u00edstica.<br \/>\nLa editorial public\u00f3 en sus redes sociales que el libro ya est\u00e1 en venta en las librer\u00edas de Armenia y quienes puedan leer\u00a0 tendr\u00e1n conocimientos estables, conocer\u00e1n\u00a0 las posibilidades del pensamiento te\u00f3rico moderno. Este libro es parte de nuestro patrimonio cultural, documentado por los armenios<\/p>\n<p><img loading=\"lazy\" decoding=\"async\" class=\"alignnone size-medium wp-image-269\" src=\"https:\/\/armeniahoy.com\/wp-content\/uploads\/2024\/10\/FB_IMG_1727946499792-225x300.jpg\" alt=\"\" width=\"225\" height=\"300\" srcset=\"https:\/\/armeniahoy.com\/wp-content\/uploads\/2024\/10\/FB_IMG_1727946499792-225x300.jpg 225w, https:\/\/armeniahoy.com\/wp-content\/uploads\/2024\/10\/FB_IMG_1727946499792-768x1024.jpg 768w, https:\/\/armeniahoy.com\/wp-content\/uploads\/2024\/10\/FB_IMG_1727946499792-315x420.jpg 315w, https:\/\/armeniahoy.com\/wp-content\/uploads\/2024\/10\/FB_IMG_1727946499792-640x853.jpg 640w, https:\/\/armeniahoy.com\/wp-content\/uploads\/2024\/10\/FB_IMG_1727946499792-681x908.jpg 681w, https:\/\/armeniahoy.com\/wp-content\/uploads\/2024\/10\/FB_IMG_1727946499792.jpg 1080w\" sizes=\"auto, (max-width: 225px) 100vw, 225px\" \/><\/p>\n<p>Est\u00e1 dedicado al estudio de las peculiaridades de la adaptaci\u00f3n cinematogr\u00e1fica de la prosa armenia de los a\u00f1os 60 y 90 del siglo pasado, donde el autor concluye que la adaptaci\u00f3n cinematogr\u00e1fica de obras literarias no es una mera transferencia del lenguaje literario.<\/p>\n<p>&nbsp;<\/p>\n","protected":false},"excerpt":{"rendered":"<p>Ediciones &#8220;Gisha&#8221; con el apoyo del Ministerio de Educaci\u00f3n y Cultura de Armenia public\u00f3 un nuevo libro del poeta, escritor y doctor en filosof\u00eda Slavi Avik Harutyunyan, \u00a0el t\u00edtulo del libro es &#8221; ausencia de texto adaptaci\u00f3n cinematogr\u00e1fica de la prosa art\u00edstica armenia&#8221; el autor presenta la adaptaci\u00f3n cinematogr\u00e1fica de obras literarias desde un punto [&hellip;]<\/p>\n","protected":false},"author":1,"featured_media":270,"comment_status":"open","ping_status":"open","sticky":false,"template":"","format":"standard","meta":{"tdm_status":"","tdm_grid_status":"","footnotes":""},"categories":[15],"tags":[],"class_list":["post-268","post","type-post","status-publish","format-standard","has-post-thumbnail","hentry","category-cultura"],"yoast_head":"<!-- This site is optimized with the Yoast SEO plugin v23.5 - https:\/\/yoast.com\/wordpress\/plugins\/seo\/ -->\n<title>Slavi Avik Harutyunyan public\u00f3 sobre la adaptaci\u00f3n cinematogr\u00e1fica de la prosa Armenia - Armeniahoy<\/title>\n<meta name=\"robots\" content=\"index, follow, max-snippet:-1, max-image-preview:large, max-video-preview:-1\" \/>\n<link rel=\"canonical\" href=\"https:\/\/armeniahoy.com\/index.php\/2024\/10\/03\/slavi-avik-harutyunyan-publico-su-libro-sobre-la-prosa-armenia\/\" \/>\n<meta property=\"og:locale\" content=\"en_GB\" \/>\n<meta property=\"og:type\" content=\"article\" \/>\n<meta property=\"og:title\" content=\"Slavi Avik Harutyunyan public\u00f3 sobre la adaptaci\u00f3n cinematogr\u00e1fica de la prosa Armenia - Armeniahoy\" \/>\n<meta property=\"og:description\" content=\"Ediciones &#8220;Gisha&#8221; con el apoyo del Ministerio de Educaci\u00f3n y Cultura de Armenia public\u00f3 un nuevo libro del poeta, escritor y doctor en filosof\u00eda Slavi Avik Harutyunyan, \u00a0el t\u00edtulo del libro es &#8221; ausencia de texto adaptaci\u00f3n cinematogr\u00e1fica de la prosa art\u00edstica armenia&#8221; el autor presenta la adaptaci\u00f3n cinematogr\u00e1fica de obras literarias desde un punto [&hellip;]\" \/>\n<meta property=\"og:url\" content=\"https:\/\/armeniahoy.com\/index.php\/2024\/10\/03\/slavi-avik-harutyunyan-publico-su-libro-sobre-la-prosa-armenia\/\" \/>\n<meta property=\"og:site_name\" content=\"Armeniahoy\" \/>\n<meta property=\"article:published_time\" content=\"2024-10-03T09:17:46+00:00\" \/>\n<meta property=\"article:modified_time\" content=\"2024-10-05T09:09:41+00:00\" \/>\n<meta property=\"og:image\" content=\"https:\/\/armeniahoy.com\/wp-content\/uploads\/2024\/10\/FB_IMG_1727946521640.jpg\" \/>\n\t<meta property=\"og:image:width\" content=\"960\" \/>\n\t<meta property=\"og:image:height\" content=\"960\" \/>\n\t<meta property=\"og:image:type\" content=\"image\/jpeg\" \/>\n<meta name=\"author\" content=\"Armeniahoy_admin\" \/>\n<meta name=\"twitter:card\" content=\"summary_large_image\" \/>\n<meta name=\"twitter:label1\" content=\"Written by\" \/>\n\t<meta name=\"twitter:data1\" content=\"Armeniahoy_admin\" \/>\n\t<meta name=\"twitter:label2\" content=\"Estimated reading time\" \/>\n\t<meta name=\"twitter:data2\" content=\"2 minutes\" \/>\n<script type=\"application\/ld+json\" class=\"yoast-schema-graph\">{\"@context\":\"https:\/\/schema.org\",\"@graph\":[{\"@type\":\"WebPage\",\"@id\":\"https:\/\/armeniahoy.com\/index.php\/2024\/10\/03\/slavi-avik-harutyunyan-publico-su-libro-sobre-la-prosa-armenia\/\",\"url\":\"https:\/\/armeniahoy.com\/index.php\/2024\/10\/03\/slavi-avik-harutyunyan-publico-su-libro-sobre-la-prosa-armenia\/\",\"name\":\"Slavi Avik Harutyunyan public\u00f3 sobre la adaptaci\u00f3n cinematogr\u00e1fica de la prosa Armenia - Armeniahoy\",\"isPartOf\":{\"@id\":\"https:\/\/armeniahoy.com\/#website\"},\"primaryImageOfPage\":{\"@id\":\"https:\/\/armeniahoy.com\/index.php\/2024\/10\/03\/slavi-avik-harutyunyan-publico-su-libro-sobre-la-prosa-armenia\/#primaryimage\"},\"image\":{\"@id\":\"https:\/\/armeniahoy.com\/index.php\/2024\/10\/03\/slavi-avik-harutyunyan-publico-su-libro-sobre-la-prosa-armenia\/#primaryimage\"},\"thumbnailUrl\":\"https:\/\/armeniahoy.com\/wp-content\/uploads\/2024\/10\/FB_IMG_1727946521640.jpg\",\"datePublished\":\"2024-10-03T09:17:46+00:00\",\"dateModified\":\"2024-10-05T09:09:41+00:00\",\"author\":{\"@id\":\"https:\/\/armeniahoy.com\/#\/schema\/person\/43a6ddf56577bb96aa082771596ed2b8\"},\"breadcrumb\":{\"@id\":\"https:\/\/armeniahoy.com\/index.php\/2024\/10\/03\/slavi-avik-harutyunyan-publico-su-libro-sobre-la-prosa-armenia\/#breadcrumb\"},\"inLanguage\":\"en-GB\",\"potentialAction\":[{\"@type\":\"ReadAction\",\"target\":[\"https:\/\/armeniahoy.com\/index.php\/2024\/10\/03\/slavi-avik-harutyunyan-publico-su-libro-sobre-la-prosa-armenia\/\"]}]},{\"@type\":\"ImageObject\",\"inLanguage\":\"en-GB\",\"@id\":\"https:\/\/armeniahoy.com\/index.php\/2024\/10\/03\/slavi-avik-harutyunyan-publico-su-libro-sobre-la-prosa-armenia\/#primaryimage\",\"url\":\"https:\/\/armeniahoy.com\/wp-content\/uploads\/2024\/10\/FB_IMG_1727946521640.jpg\",\"contentUrl\":\"https:\/\/armeniahoy.com\/wp-content\/uploads\/2024\/10\/FB_IMG_1727946521640.jpg\",\"width\":960,\"height\":960},{\"@type\":\"BreadcrumbList\",\"@id\":\"https:\/\/armeniahoy.com\/index.php\/2024\/10\/03\/slavi-avik-harutyunyan-publico-su-libro-sobre-la-prosa-armenia\/#breadcrumb\",\"itemListElement\":[{\"@type\":\"ListItem\",\"position\":1,\"name\":\"Home\",\"item\":\"https:\/\/armeniahoy.com\/\"},{\"@type\":\"ListItem\",\"position\":2,\"name\":\"Slavi Avik Harutyunyan public\u00f3 sobre la adaptaci\u00f3n cinematogr\u00e1fica de la prosa Armenia\"}]},{\"@type\":\"WebSite\",\"@id\":\"https:\/\/armeniahoy.com\/#website\",\"url\":\"https:\/\/armeniahoy.com\/\",\"name\":\"Armeniahoy\",\"description\":\"\",\"potentialAction\":[{\"@type\":\"SearchAction\",\"target\":{\"@type\":\"EntryPoint\",\"urlTemplate\":\"https:\/\/armeniahoy.com\/?s={search_term_string}\"},\"query-input\":{\"@type\":\"PropertyValueSpecification\",\"valueRequired\":true,\"valueName\":\"search_term_string\"}}],\"inLanguage\":\"en-GB\"},{\"@type\":\"Person\",\"@id\":\"https:\/\/armeniahoy.com\/#\/schema\/person\/43a6ddf56577bb96aa082771596ed2b8\",\"name\":\"Armeniahoy_admin\",\"image\":{\"@type\":\"ImageObject\",\"inLanguage\":\"en-GB\",\"@id\":\"https:\/\/armeniahoy.com\/#\/schema\/person\/image\/\",\"url\":\"https:\/\/secure.gravatar.com\/avatar\/1cfeedda9358b4c7ba0966e36afc065f831e834b008a63b630ebd4be3da5e489?s=96&d=mm&r=g\",\"contentUrl\":\"https:\/\/secure.gravatar.com\/avatar\/1cfeedda9358b4c7ba0966e36afc065f831e834b008a63b630ebd4be3da5e489?s=96&d=mm&r=g\",\"caption\":\"Armeniahoy_admin\"},\"sameAs\":[\"https:\/\/armeniahoy.com\"],\"url\":\"https:\/\/armeniahoy.com\/index.php\/author\/armeniahoy_admin\/\"}]}<\/script>\n<!-- \/ Yoast SEO plugin. -->","yoast_head_json":{"title":"Slavi Avik Harutyunyan public\u00f3 sobre la adaptaci\u00f3n cinematogr\u00e1fica de la prosa Armenia - Armeniahoy","robots":{"index":"index","follow":"follow","max-snippet":"max-snippet:-1","max-image-preview":"max-image-preview:large","max-video-preview":"max-video-preview:-1"},"canonical":"https:\/\/armeniahoy.com\/index.php\/2024\/10\/03\/slavi-avik-harutyunyan-publico-su-libro-sobre-la-prosa-armenia\/","og_locale":"en_GB","og_type":"article","og_title":"Slavi Avik Harutyunyan public\u00f3 sobre la adaptaci\u00f3n cinematogr\u00e1fica de la prosa Armenia - Armeniahoy","og_description":"Ediciones &#8220;Gisha&#8221; con el apoyo del Ministerio de Educaci\u00f3n y Cultura de Armenia public\u00f3 un nuevo libro del poeta, escritor y doctor en filosof\u00eda Slavi Avik Harutyunyan, \u00a0el t\u00edtulo del libro es &#8221; ausencia de texto adaptaci\u00f3n cinematogr\u00e1fica de la prosa art\u00edstica armenia&#8221; el autor presenta la adaptaci\u00f3n cinematogr\u00e1fica de obras literarias desde un punto [&hellip;]","og_url":"https:\/\/armeniahoy.com\/index.php\/2024\/10\/03\/slavi-avik-harutyunyan-publico-su-libro-sobre-la-prosa-armenia\/","og_site_name":"Armeniahoy","article_published_time":"2024-10-03T09:17:46+00:00","article_modified_time":"2024-10-05T09:09:41+00:00","og_image":[{"width":960,"height":960,"url":"https:\/\/armeniahoy.com\/wp-content\/uploads\/2024\/10\/FB_IMG_1727946521640.jpg","type":"image\/jpeg"}],"author":"Armeniahoy_admin","twitter_card":"summary_large_image","twitter_misc":{"Written by":"Armeniahoy_admin","Estimated reading time":"2 minutes"},"schema":{"@context":"https:\/\/schema.org","@graph":[{"@type":"WebPage","@id":"https:\/\/armeniahoy.com\/index.php\/2024\/10\/03\/slavi-avik-harutyunyan-publico-su-libro-sobre-la-prosa-armenia\/","url":"https:\/\/armeniahoy.com\/index.php\/2024\/10\/03\/slavi-avik-harutyunyan-publico-su-libro-sobre-la-prosa-armenia\/","name":"Slavi Avik Harutyunyan public\u00f3 sobre la adaptaci\u00f3n cinematogr\u00e1fica de la prosa Armenia - Armeniahoy","isPartOf":{"@id":"https:\/\/armeniahoy.com\/#website"},"primaryImageOfPage":{"@id":"https:\/\/armeniahoy.com\/index.php\/2024\/10\/03\/slavi-avik-harutyunyan-publico-su-libro-sobre-la-prosa-armenia\/#primaryimage"},"image":{"@id":"https:\/\/armeniahoy.com\/index.php\/2024\/10\/03\/slavi-avik-harutyunyan-publico-su-libro-sobre-la-prosa-armenia\/#primaryimage"},"thumbnailUrl":"https:\/\/armeniahoy.com\/wp-content\/uploads\/2024\/10\/FB_IMG_1727946521640.jpg","datePublished":"2024-10-03T09:17:46+00:00","dateModified":"2024-10-05T09:09:41+00:00","author":{"@id":"https:\/\/armeniahoy.com\/#\/schema\/person\/43a6ddf56577bb96aa082771596ed2b8"},"breadcrumb":{"@id":"https:\/\/armeniahoy.com\/index.php\/2024\/10\/03\/slavi-avik-harutyunyan-publico-su-libro-sobre-la-prosa-armenia\/#breadcrumb"},"inLanguage":"en-GB","potentialAction":[{"@type":"ReadAction","target":["https:\/\/armeniahoy.com\/index.php\/2024\/10\/03\/slavi-avik-harutyunyan-publico-su-libro-sobre-la-prosa-armenia\/"]}]},{"@type":"ImageObject","inLanguage":"en-GB","@id":"https:\/\/armeniahoy.com\/index.php\/2024\/10\/03\/slavi-avik-harutyunyan-publico-su-libro-sobre-la-prosa-armenia\/#primaryimage","url":"https:\/\/armeniahoy.com\/wp-content\/uploads\/2024\/10\/FB_IMG_1727946521640.jpg","contentUrl":"https:\/\/armeniahoy.com\/wp-content\/uploads\/2024\/10\/FB_IMG_1727946521640.jpg","width":960,"height":960},{"@type":"BreadcrumbList","@id":"https:\/\/armeniahoy.com\/index.php\/2024\/10\/03\/slavi-avik-harutyunyan-publico-su-libro-sobre-la-prosa-armenia\/#breadcrumb","itemListElement":[{"@type":"ListItem","position":1,"name":"Home","item":"https:\/\/armeniahoy.com\/"},{"@type":"ListItem","position":2,"name":"Slavi Avik Harutyunyan public\u00f3 sobre la adaptaci\u00f3n cinematogr\u00e1fica de la prosa Armenia"}]},{"@type":"WebSite","@id":"https:\/\/armeniahoy.com\/#website","url":"https:\/\/armeniahoy.com\/","name":"Armeniahoy","description":"","potentialAction":[{"@type":"SearchAction","target":{"@type":"EntryPoint","urlTemplate":"https:\/\/armeniahoy.com\/?s={search_term_string}"},"query-input":{"@type":"PropertyValueSpecification","valueRequired":true,"valueName":"search_term_string"}}],"inLanguage":"en-GB"},{"@type":"Person","@id":"https:\/\/armeniahoy.com\/#\/schema\/person\/43a6ddf56577bb96aa082771596ed2b8","name":"Armeniahoy_admin","image":{"@type":"ImageObject","inLanguage":"en-GB","@id":"https:\/\/armeniahoy.com\/#\/schema\/person\/image\/","url":"https:\/\/secure.gravatar.com\/avatar\/1cfeedda9358b4c7ba0966e36afc065f831e834b008a63b630ebd4be3da5e489?s=96&d=mm&r=g","contentUrl":"https:\/\/secure.gravatar.com\/avatar\/1cfeedda9358b4c7ba0966e36afc065f831e834b008a63b630ebd4be3da5e489?s=96&d=mm&r=g","caption":"Armeniahoy_admin"},"sameAs":["https:\/\/armeniahoy.com"],"url":"https:\/\/armeniahoy.com\/index.php\/author\/armeniahoy_admin\/"}]}},"_links":{"self":[{"href":"https:\/\/armeniahoy.com\/index.php\/wp-json\/wp\/v2\/posts\/268","targetHints":{"allow":["GET"]}}],"collection":[{"href":"https:\/\/armeniahoy.com\/index.php\/wp-json\/wp\/v2\/posts"}],"about":[{"href":"https:\/\/armeniahoy.com\/index.php\/wp-json\/wp\/v2\/types\/post"}],"author":[{"embeddable":true,"href":"https:\/\/armeniahoy.com\/index.php\/wp-json\/wp\/v2\/users\/1"}],"replies":[{"embeddable":true,"href":"https:\/\/armeniahoy.com\/index.php\/wp-json\/wp\/v2\/comments?post=268"}],"version-history":[{"count":5,"href":"https:\/\/armeniahoy.com\/index.php\/wp-json\/wp\/v2\/posts\/268\/revisions"}],"predecessor-version":[{"id":275,"href":"https:\/\/armeniahoy.com\/index.php\/wp-json\/wp\/v2\/posts\/268\/revisions\/275"}],"wp:featuredmedia":[{"embeddable":true,"href":"https:\/\/armeniahoy.com\/index.php\/wp-json\/wp\/v2\/media\/270"}],"wp:attachment":[{"href":"https:\/\/armeniahoy.com\/index.php\/wp-json\/wp\/v2\/media?parent=268"}],"wp:term":[{"taxonomy":"category","embeddable":true,"href":"https:\/\/armeniahoy.com\/index.php\/wp-json\/wp\/v2\/categories?post=268"},{"taxonomy":"post_tag","embeddable":true,"href":"https:\/\/armeniahoy.com\/index.php\/wp-json\/wp\/v2\/tags?post=268"}],"curies":[{"name":"wp","href":"https:\/\/api.w.org\/{rel}","templated":true}]}}