{"id":332,"date":"2024-11-17T17:11:55","date_gmt":"2024-11-17T17:11:55","guid":{"rendered":"https:\/\/armeniahoy.com\/?p=332"},"modified":"2024-11-17T17:20:34","modified_gmt":"2024-11-17T17:20:34","slug":"en-palafrugell-se-presento-la-asociacion-manuk","status":"publish","type":"post","link":"https:\/\/armeniahoy.com\/index.php\/2024\/11\/17\/en-palafrugell-se-presento-la-asociacion-manuk\/","title":{"rendered":"En Palafrugell se present\u00f3 la asociaci\u00f3n Manuk"},"content":{"rendered":"<p>El pasado 14 de noviembre se present\u00f3 la asociaci\u00f3n armenia en Catalunya \u00b4\u00b4Manuk\u00b4\u00b4en Palafrugell.\u00a0 La presidenta de la entidad Mariam Chichoyan presento la asociaci\u00f3n, sus objetivos y trabajo realizado desde su fundaci\u00f3n.<\/p>\n<p><img loading=\"lazy\" decoding=\"async\" class=\"alignnone size-medium wp-image-333\" src=\"https:\/\/armeniahoy.com\/wp-content\/uploads\/2024\/11\/manuk2-300x211.jpg\" alt=\"\" width=\"300\" height=\"211\" srcset=\"https:\/\/armeniahoy.com\/wp-content\/uploads\/2024\/11\/manuk2-300x211.jpg 300w, https:\/\/armeniahoy.com\/wp-content\/uploads\/2024\/11\/manuk2.jpg 590w\" sizes=\"auto, (max-width: 300px) 100vw, 300px\" \/><\/p>\n<p>El polit\u00f3logo V\u00edctor L\u00f3pez, quien, conjuntamente con el periodista\u00a0 Jordi Soler, produjeron el documental \u201cDespu\u00e9s de los 44 d\u00edas. (un documental que busca dar a conocer las cicatrices que dejo la agresi\u00f3n militar de Azerbaiy\u00e1n con el apoyo incondicional de Turqu\u00eda con armamento israel\u00ed a Nagorno Karabaj)\u00a0 se centro mas en la situaci\u00f3n pol\u00edtica actual y las consecuencias de la guerra.<\/p>\n<p>El evento, que reuni\u00f3 a personas interesadas en conocer m\u00e1s sobre la situaci\u00f3n del pa\u00eds, puso el foco en la historia, la cultura y, especialmente, en el conflicto entre Armenia y Azerbaiy\u00e1n.<\/p>\n<p><img loading=\"lazy\" decoding=\"async\" class=\"alignnone size-medium wp-image-334\" src=\"https:\/\/armeniahoy.com\/wp-content\/uploads\/2024\/11\/chichoyan-300x200.jpg\" alt=\"\" width=\"300\" height=\"200\" srcset=\"https:\/\/armeniahoy.com\/wp-content\/uploads\/2024\/11\/chichoyan-300x200.jpg 300w, https:\/\/armeniahoy.com\/wp-content\/uploads\/2024\/11\/chichoyan-537x360.jpg 537w, https:\/\/armeniahoy.com\/wp-content\/uploads\/2024\/11\/chichoyan.jpg 590w\" sizes=\"auto, (max-width: 300px) 100vw, 300px\" \/><\/p>\n<p>Durante el acto, se profundiz\u00f3 en las tensiones en la regi\u00f3n, especialmente se profundizo en la ocupaci\u00f3n de la Rep\u00fablica de Artsaj por parte de Azerbaiy\u00e1n y la posterior limpieza \u00e9tnica.\u00a0 Se abordaron las consecuencias humanitarias del conflicto, con miles de desplazados, as\u00ed como los retos pol\u00edticos y sociales que afronta Armenia. Los ponentes subrayaron la importancia de la solidaridad internacional para preservar la identidad cultural armenia y garantizar los derechos humanos en la regi\u00f3n. El acto sirvi\u00f3 como punto de encuentro para compartir informaci\u00f3n y fomentar el debate, con el objetivo de dar visibilidad a una realidad a menudo ignorada en los medios.<\/p>\n<p><img loading=\"lazy\" decoding=\"async\" class=\"alignnone size-medium wp-image-335\" src=\"https:\/\/armeniahoy.com\/wp-content\/uploads\/2024\/11\/comunidad-mariam-300x176.jpg\" alt=\"\" width=\"300\" height=\"176\" srcset=\"https:\/\/armeniahoy.com\/wp-content\/uploads\/2024\/11\/comunidad-mariam-300x176.jpg 300w, https:\/\/armeniahoy.com\/wp-content\/uploads\/2024\/11\/comunidad-mariam.jpg 612w\" sizes=\"auto, (max-width: 300px) 100vw, 300px\" \/><\/p>\n","protected":false},"excerpt":{"rendered":"<p>El pasado 14 de noviembre se present\u00f3 la asociaci\u00f3n armenia en Catalunya \u00b4\u00b4Manuk\u00b4\u00b4en Palafrugell.\u00a0 La presidenta de la entidad Mariam Chichoyan presento la asociaci\u00f3n, sus objetivos y trabajo realizado desde su fundaci\u00f3n. El polit\u00f3logo V\u00edctor L\u00f3pez, quien, conjuntamente con el periodista\u00a0 Jordi Soler, produjeron el documental \u201cDespu\u00e9s de los 44 d\u00edas. (un documental que busca [&hellip;]<\/p>\n","protected":false},"author":1,"featured_media":333,"comment_status":"open","ping_status":"open","sticky":false,"template":"","format":"standard","meta":{"tdm_status":"","tdm_grid_status":"","footnotes":""},"categories":[15,13],"tags":[],"class_list":["post-332","post","type-post","status-publish","format-standard","has-post-thumbnail","hentry","category-cultura","category-politica"],"yoast_head":"<!-- This site is optimized with the Yoast SEO plugin v23.5 - https:\/\/yoast.com\/wordpress\/plugins\/seo\/ -->\n<title>En Palafrugell se present\u00f3 la asociaci\u00f3n Manuk - Armeniahoy<\/title>\n<meta name=\"robots\" content=\"index, follow, max-snippet:-1, max-image-preview:large, max-video-preview:-1\" \/>\n<link rel=\"canonical\" href=\"https:\/\/armeniahoy.com\/index.php\/2024\/11\/17\/en-palafrugell-se-presento-la-asociacion-manuk\/\" \/>\n<meta property=\"og:locale\" content=\"en_GB\" \/>\n<meta property=\"og:type\" content=\"article\" \/>\n<meta property=\"og:title\" content=\"En Palafrugell se present\u00f3 la asociaci\u00f3n Manuk - Armeniahoy\" \/>\n<meta property=\"og:description\" content=\"El pasado 14 de noviembre se present\u00f3 la asociaci\u00f3n armenia en Catalunya \u00b4\u00b4Manuk\u00b4\u00b4en Palafrugell.\u00a0 La presidenta de la entidad Mariam Chichoyan presento la asociaci\u00f3n, sus objetivos y trabajo realizado desde su fundaci\u00f3n. El polit\u00f3logo V\u00edctor L\u00f3pez, quien, conjuntamente con el periodista\u00a0 Jordi Soler, produjeron el documental \u201cDespu\u00e9s de los 44 d\u00edas. (un documental que busca [&hellip;]\" \/>\n<meta property=\"og:url\" content=\"https:\/\/armeniahoy.com\/index.php\/2024\/11\/17\/en-palafrugell-se-presento-la-asociacion-manuk\/\" \/>\n<meta property=\"og:site_name\" content=\"Armeniahoy\" \/>\n<meta property=\"article:published_time\" content=\"2024-11-17T17:11:55+00:00\" \/>\n<meta property=\"article:modified_time\" content=\"2024-11-17T17:20:34+00:00\" \/>\n<meta property=\"og:image\" content=\"https:\/\/armeniahoy.com\/wp-content\/uploads\/2024\/11\/manuk2.jpg\" \/>\n\t<meta property=\"og:image:width\" content=\"590\" \/>\n\t<meta property=\"og:image:height\" content=\"414\" \/>\n\t<meta property=\"og:image:type\" content=\"image\/jpeg\" \/>\n<meta name=\"author\" content=\"Armeniahoy_admin\" \/>\n<meta name=\"twitter:card\" content=\"summary_large_image\" \/>\n<meta name=\"twitter:label1\" content=\"Written by\" \/>\n\t<meta name=\"twitter:data1\" content=\"Armeniahoy_admin\" \/>\n\t<meta name=\"twitter:label2\" content=\"Estimated reading time\" \/>\n\t<meta name=\"twitter:data2\" content=\"2 minutes\" \/>\n<script type=\"application\/ld+json\" class=\"yoast-schema-graph\">{\"@context\":\"https:\/\/schema.org\",\"@graph\":[{\"@type\":\"WebPage\",\"@id\":\"https:\/\/armeniahoy.com\/index.php\/2024\/11\/17\/en-palafrugell-se-presento-la-asociacion-manuk\/\",\"url\":\"https:\/\/armeniahoy.com\/index.php\/2024\/11\/17\/en-palafrugell-se-presento-la-asociacion-manuk\/\",\"name\":\"En Palafrugell se present\u00f3 la asociaci\u00f3n Manuk - Armeniahoy\",\"isPartOf\":{\"@id\":\"https:\/\/armeniahoy.com\/#website\"},\"primaryImageOfPage\":{\"@id\":\"https:\/\/armeniahoy.com\/index.php\/2024\/11\/17\/en-palafrugell-se-presento-la-asociacion-manuk\/#primaryimage\"},\"image\":{\"@id\":\"https:\/\/armeniahoy.com\/index.php\/2024\/11\/17\/en-palafrugell-se-presento-la-asociacion-manuk\/#primaryimage\"},\"thumbnailUrl\":\"https:\/\/armeniahoy.com\/wp-content\/uploads\/2024\/11\/manuk2.jpg\",\"datePublished\":\"2024-11-17T17:11:55+00:00\",\"dateModified\":\"2024-11-17T17:20:34+00:00\",\"author\":{\"@id\":\"https:\/\/armeniahoy.com\/#\/schema\/person\/43a6ddf56577bb96aa082771596ed2b8\"},\"breadcrumb\":{\"@id\":\"https:\/\/armeniahoy.com\/index.php\/2024\/11\/17\/en-palafrugell-se-presento-la-asociacion-manuk\/#breadcrumb\"},\"inLanguage\":\"en-GB\",\"potentialAction\":[{\"@type\":\"ReadAction\",\"target\":[\"https:\/\/armeniahoy.com\/index.php\/2024\/11\/17\/en-palafrugell-se-presento-la-asociacion-manuk\/\"]}]},{\"@type\":\"ImageObject\",\"inLanguage\":\"en-GB\",\"@id\":\"https:\/\/armeniahoy.com\/index.php\/2024\/11\/17\/en-palafrugell-se-presento-la-asociacion-manuk\/#primaryimage\",\"url\":\"https:\/\/armeniahoy.com\/wp-content\/uploads\/2024\/11\/manuk2.jpg\",\"contentUrl\":\"https:\/\/armeniahoy.com\/wp-content\/uploads\/2024\/11\/manuk2.jpg\",\"width\":590,\"height\":414},{\"@type\":\"BreadcrumbList\",\"@id\":\"https:\/\/armeniahoy.com\/index.php\/2024\/11\/17\/en-palafrugell-se-presento-la-asociacion-manuk\/#breadcrumb\",\"itemListElement\":[{\"@type\":\"ListItem\",\"position\":1,\"name\":\"Home\",\"item\":\"https:\/\/armeniahoy.com\/\"},{\"@type\":\"ListItem\",\"position\":2,\"name\":\"En Palafrugell se present\u00f3 la asociaci\u00f3n Manuk\"}]},{\"@type\":\"WebSite\",\"@id\":\"https:\/\/armeniahoy.com\/#website\",\"url\":\"https:\/\/armeniahoy.com\/\",\"name\":\"Armeniahoy\",\"description\":\"\",\"potentialAction\":[{\"@type\":\"SearchAction\",\"target\":{\"@type\":\"EntryPoint\",\"urlTemplate\":\"https:\/\/armeniahoy.com\/?s={search_term_string}\"},\"query-input\":{\"@type\":\"PropertyValueSpecification\",\"valueRequired\":true,\"valueName\":\"search_term_string\"}}],\"inLanguage\":\"en-GB\"},{\"@type\":\"Person\",\"@id\":\"https:\/\/armeniahoy.com\/#\/schema\/person\/43a6ddf56577bb96aa082771596ed2b8\",\"name\":\"Armeniahoy_admin\",\"image\":{\"@type\":\"ImageObject\",\"inLanguage\":\"en-GB\",\"@id\":\"https:\/\/armeniahoy.com\/#\/schema\/person\/image\/\",\"url\":\"https:\/\/secure.gravatar.com\/avatar\/1cfeedda9358b4c7ba0966e36afc065f831e834b008a63b630ebd4be3da5e489?s=96&d=mm&r=g\",\"contentUrl\":\"https:\/\/secure.gravatar.com\/avatar\/1cfeedda9358b4c7ba0966e36afc065f831e834b008a63b630ebd4be3da5e489?s=96&d=mm&r=g\",\"caption\":\"Armeniahoy_admin\"},\"sameAs\":[\"https:\/\/armeniahoy.com\"],\"url\":\"https:\/\/armeniahoy.com\/index.php\/author\/armeniahoy_admin\/\"}]}<\/script>\n<!-- \/ Yoast SEO plugin. -->","yoast_head_json":{"title":"En Palafrugell se present\u00f3 la asociaci\u00f3n Manuk - Armeniahoy","robots":{"index":"index","follow":"follow","max-snippet":"max-snippet:-1","max-image-preview":"max-image-preview:large","max-video-preview":"max-video-preview:-1"},"canonical":"https:\/\/armeniahoy.com\/index.php\/2024\/11\/17\/en-palafrugell-se-presento-la-asociacion-manuk\/","og_locale":"en_GB","og_type":"article","og_title":"En Palafrugell se present\u00f3 la asociaci\u00f3n Manuk - Armeniahoy","og_description":"El pasado 14 de noviembre se present\u00f3 la asociaci\u00f3n armenia en Catalunya \u00b4\u00b4Manuk\u00b4\u00b4en Palafrugell.\u00a0 La presidenta de la entidad Mariam Chichoyan presento la asociaci\u00f3n, sus objetivos y trabajo realizado desde su fundaci\u00f3n. El polit\u00f3logo V\u00edctor L\u00f3pez, quien, conjuntamente con el periodista\u00a0 Jordi Soler, produjeron el documental \u201cDespu\u00e9s de los 44 d\u00edas. (un documental que busca [&hellip;]","og_url":"https:\/\/armeniahoy.com\/index.php\/2024\/11\/17\/en-palafrugell-se-presento-la-asociacion-manuk\/","og_site_name":"Armeniahoy","article_published_time":"2024-11-17T17:11:55+00:00","article_modified_time":"2024-11-17T17:20:34+00:00","og_image":[{"width":590,"height":414,"url":"https:\/\/armeniahoy.com\/wp-content\/uploads\/2024\/11\/manuk2.jpg","type":"image\/jpeg"}],"author":"Armeniahoy_admin","twitter_card":"summary_large_image","twitter_misc":{"Written by":"Armeniahoy_admin","Estimated reading time":"2 minutes"},"schema":{"@context":"https:\/\/schema.org","@graph":[{"@type":"WebPage","@id":"https:\/\/armeniahoy.com\/index.php\/2024\/11\/17\/en-palafrugell-se-presento-la-asociacion-manuk\/","url":"https:\/\/armeniahoy.com\/index.php\/2024\/11\/17\/en-palafrugell-se-presento-la-asociacion-manuk\/","name":"En Palafrugell se present\u00f3 la asociaci\u00f3n Manuk - Armeniahoy","isPartOf":{"@id":"https:\/\/armeniahoy.com\/#website"},"primaryImageOfPage":{"@id":"https:\/\/armeniahoy.com\/index.php\/2024\/11\/17\/en-palafrugell-se-presento-la-asociacion-manuk\/#primaryimage"},"image":{"@id":"https:\/\/armeniahoy.com\/index.php\/2024\/11\/17\/en-palafrugell-se-presento-la-asociacion-manuk\/#primaryimage"},"thumbnailUrl":"https:\/\/armeniahoy.com\/wp-content\/uploads\/2024\/11\/manuk2.jpg","datePublished":"2024-11-17T17:11:55+00:00","dateModified":"2024-11-17T17:20:34+00:00","author":{"@id":"https:\/\/armeniahoy.com\/#\/schema\/person\/43a6ddf56577bb96aa082771596ed2b8"},"breadcrumb":{"@id":"https:\/\/armeniahoy.com\/index.php\/2024\/11\/17\/en-palafrugell-se-presento-la-asociacion-manuk\/#breadcrumb"},"inLanguage":"en-GB","potentialAction":[{"@type":"ReadAction","target":["https:\/\/armeniahoy.com\/index.php\/2024\/11\/17\/en-palafrugell-se-presento-la-asociacion-manuk\/"]}]},{"@type":"ImageObject","inLanguage":"en-GB","@id":"https:\/\/armeniahoy.com\/index.php\/2024\/11\/17\/en-palafrugell-se-presento-la-asociacion-manuk\/#primaryimage","url":"https:\/\/armeniahoy.com\/wp-content\/uploads\/2024\/11\/manuk2.jpg","contentUrl":"https:\/\/armeniahoy.com\/wp-content\/uploads\/2024\/11\/manuk2.jpg","width":590,"height":414},{"@type":"BreadcrumbList","@id":"https:\/\/armeniahoy.com\/index.php\/2024\/11\/17\/en-palafrugell-se-presento-la-asociacion-manuk\/#breadcrumb","itemListElement":[{"@type":"ListItem","position":1,"name":"Home","item":"https:\/\/armeniahoy.com\/"},{"@type":"ListItem","position":2,"name":"En Palafrugell se present\u00f3 la asociaci\u00f3n Manuk"}]},{"@type":"WebSite","@id":"https:\/\/armeniahoy.com\/#website","url":"https:\/\/armeniahoy.com\/","name":"Armeniahoy","description":"","potentialAction":[{"@type":"SearchAction","target":{"@type":"EntryPoint","urlTemplate":"https:\/\/armeniahoy.com\/?s={search_term_string}"},"query-input":{"@type":"PropertyValueSpecification","valueRequired":true,"valueName":"search_term_string"}}],"inLanguage":"en-GB"},{"@type":"Person","@id":"https:\/\/armeniahoy.com\/#\/schema\/person\/43a6ddf56577bb96aa082771596ed2b8","name":"Armeniahoy_admin","image":{"@type":"ImageObject","inLanguage":"en-GB","@id":"https:\/\/armeniahoy.com\/#\/schema\/person\/image\/","url":"https:\/\/secure.gravatar.com\/avatar\/1cfeedda9358b4c7ba0966e36afc065f831e834b008a63b630ebd4be3da5e489?s=96&d=mm&r=g","contentUrl":"https:\/\/secure.gravatar.com\/avatar\/1cfeedda9358b4c7ba0966e36afc065f831e834b008a63b630ebd4be3da5e489?s=96&d=mm&r=g","caption":"Armeniahoy_admin"},"sameAs":["https:\/\/armeniahoy.com"],"url":"https:\/\/armeniahoy.com\/index.php\/author\/armeniahoy_admin\/"}]}},"_links":{"self":[{"href":"https:\/\/armeniahoy.com\/index.php\/wp-json\/wp\/v2\/posts\/332","targetHints":{"allow":["GET"]}}],"collection":[{"href":"https:\/\/armeniahoy.com\/index.php\/wp-json\/wp\/v2\/posts"}],"about":[{"href":"https:\/\/armeniahoy.com\/index.php\/wp-json\/wp\/v2\/types\/post"}],"author":[{"embeddable":true,"href":"https:\/\/armeniahoy.com\/index.php\/wp-json\/wp\/v2\/users\/1"}],"replies":[{"embeddable":true,"href":"https:\/\/armeniahoy.com\/index.php\/wp-json\/wp\/v2\/comments?post=332"}],"version-history":[{"count":3,"href":"https:\/\/armeniahoy.com\/index.php\/wp-json\/wp\/v2\/posts\/332\/revisions"}],"predecessor-version":[{"id":339,"href":"https:\/\/armeniahoy.com\/index.php\/wp-json\/wp\/v2\/posts\/332\/revisions\/339"}],"wp:featuredmedia":[{"embeddable":true,"href":"https:\/\/armeniahoy.com\/index.php\/wp-json\/wp\/v2\/media\/333"}],"wp:attachment":[{"href":"https:\/\/armeniahoy.com\/index.php\/wp-json\/wp\/v2\/media?parent=332"}],"wp:term":[{"taxonomy":"category","embeddable":true,"href":"https:\/\/armeniahoy.com\/index.php\/wp-json\/wp\/v2\/categories?post=332"},{"taxonomy":"post_tag","embeddable":true,"href":"https:\/\/armeniahoy.com\/index.php\/wp-json\/wp\/v2\/tags?post=332"}],"curies":[{"name":"wp","href":"https:\/\/api.w.org\/{rel}","templated":true}]}}