{"id":390,"date":"2024-12-21T11:36:17","date_gmt":"2024-12-21T11:36:17","guid":{"rendered":"https:\/\/armeniahoy.com\/?p=390"},"modified":"2024-12-21T11:41:42","modified_gmt":"2024-12-21T11:41:42","slug":"se-inauguro-el-consulado-honorario-de-armenia-en-barcelona","status":"publish","type":"post","link":"https:\/\/armeniahoy.com\/index.php\/2024\/12\/21\/se-inauguro-el-consulado-honorario-de-armenia-en-barcelona\/","title":{"rendered":"Se inaugur\u00f3 el consulado honorario de Armenia en Barcelona"},"content":{"rendered":"<p>El 18 de diciembre se inaugur\u00f3 el consulado honorario de Armenia en Barcelona, el Embajador Sos Avetisyan\u00a0 acompa\u00f1ado con la segunda secretaria de la Embajada de Armenia en Espa\u00f1a Jenya Gulbenkyan y en presencia de los representantes de la comunidad armenia de Catalu\u00f1a present\u00f3 al Sr. Jos\u00e9 Daniel Barquero como\u00a0 consul honorario de Armenia en Barcelona.<\/p>\n<p><img loading=\"lazy\" decoding=\"async\" class=\"alignnone size-medium wp-image-391\" src=\"https:\/\/armeniahoy.com\/wp-content\/uploads\/2024\/12\/IMG-20241221-WA0017-300x225.jpg\" alt=\"\" width=\"300\" height=\"225\" srcset=\"https:\/\/armeniahoy.com\/wp-content\/uploads\/2024\/12\/IMG-20241221-WA0017-300x225.jpg 300w, https:\/\/armeniahoy.com\/wp-content\/uploads\/2024\/12\/IMG-20241221-WA0017-1024x768.jpg 1024w, https:\/\/armeniahoy.com\/wp-content\/uploads\/2024\/12\/IMG-20241221-WA0017-768x576.jpg 768w, https:\/\/armeniahoy.com\/wp-content\/uploads\/2024\/12\/IMG-20241221-WA0017-1536x1152.jpg 1536w, https:\/\/armeniahoy.com\/wp-content\/uploads\/2024\/12\/IMG-20241221-WA0017-560x420.jpg 560w, https:\/\/armeniahoy.com\/wp-content\/uploads\/2024\/12\/IMG-20241221-WA0017-80x60.jpg 80w, https:\/\/armeniahoy.com\/wp-content\/uploads\/2024\/12\/IMG-20241221-WA0017-100x75.jpg 100w, https:\/\/armeniahoy.com\/wp-content\/uploads\/2024\/12\/IMG-20241221-WA0017-180x135.jpg 180w, https:\/\/armeniahoy.com\/wp-content\/uploads\/2024\/12\/IMG-20241221-WA0017-238x178.jpg 238w, https:\/\/armeniahoy.com\/wp-content\/uploads\/2024\/12\/IMG-20241221-WA0017-265x198.jpg 265w, https:\/\/armeniahoy.com\/wp-content\/uploads\/2024\/12\/IMG-20241221-WA0017-640x480.jpg 640w, https:\/\/armeniahoy.com\/wp-content\/uploads\/2024\/12\/IMG-20241221-WA0017-681x511.jpg 681w, https:\/\/armeniahoy.com\/wp-content\/uploads\/2024\/12\/IMG-20241221-WA0017.jpg 1600w\" sizes=\"auto, (max-width: 300px) 100vw, 300px\" \/><\/p>\n<p>El director de asuntos institucionales de la generalitat de Catalu\u00f1a felicito al consul y brindo el apoyo institucional.<\/p>\n<p>&nbsp;<\/p>\n<p>Jos\u00e9 Daniel Barquero es doctor por la Facultad de Ciencias Humanas y Jur\u00eddicas de la Universidad Internacional de Catalu\u00f1a y Doctor Honoris Causa por sus aportaciones a la ciencia por universidades de Am\u00e9rica Latina, Jos\u00e9 Daniel Barquero es director general de la Fundaci\u00f3n Universitaria ESERP \u00a0(www.eserp.com) y director de Barquero, Huertas &amp; Llauder Asociados.<\/p>\n<p><img loading=\"lazy\" decoding=\"async\" class=\"alignnone size-medium wp-image-394\" src=\"https:\/\/armeniahoy.com\/wp-content\/uploads\/2024\/12\/20241218_125543-225x300.jpg\" alt=\"\" width=\"225\" height=\"300\" srcset=\"https:\/\/armeniahoy.com\/wp-content\/uploads\/2024\/12\/20241218_125543-225x300.jpg 225w, https:\/\/armeniahoy.com\/wp-content\/uploads\/2024\/12\/20241218_125543-768x1024.jpg 768w, https:\/\/armeniahoy.com\/wp-content\/uploads\/2024\/12\/20241218_125543-1152x1536.jpg 1152w, https:\/\/armeniahoy.com\/wp-content\/uploads\/2024\/12\/20241218_125543-1536x2048.jpg 1536w, https:\/\/armeniahoy.com\/wp-content\/uploads\/2024\/12\/20241218_125543-315x420.jpg 315w, https:\/\/armeniahoy.com\/wp-content\/uploads\/2024\/12\/20241218_125543-640x853.jpg 640w, https:\/\/armeniahoy.com\/wp-content\/uploads\/2024\/12\/20241218_125543-681x908.jpg 681w, https:\/\/armeniahoy.com\/wp-content\/uploads\/2024\/12\/20241218_125543-scaled.jpg 1920w\" sizes=\"auto, (max-width: 225px) 100vw, 225px\" \/><\/p>\n","protected":false},"excerpt":{"rendered":"<p>El 18 de diciembre se inaugur\u00f3 el consulado honorario de Armenia en Barcelona, el Embajador Sos Avetisyan\u00a0 acompa\u00f1ado con la segunda secretaria de la Embajada de Armenia en Espa\u00f1a Jenya Gulbenkyan y en presencia de los representantes de la comunidad armenia de Catalu\u00f1a present\u00f3 al Sr. Jos\u00e9 Daniel Barquero como\u00a0 consul honorario de Armenia en [&hellip;]<\/p>\n","protected":false},"author":1,"featured_media":391,"comment_status":"open","ping_status":"open","sticky":false,"template":"","format":"standard","meta":{"tdm_status":"","tdm_grid_status":"","footnotes":""},"categories":[13],"tags":[],"class_list":["post-390","post","type-post","status-publish","format-standard","has-post-thumbnail","hentry","category-politica"],"yoast_head":"<!-- This site is optimized with the Yoast SEO plugin v23.5 - https:\/\/yoast.com\/wordpress\/plugins\/seo\/ -->\n<title>Se inaugur\u00f3 el consulado honorario de Armenia en Barcelona - Armeniahoy<\/title>\n<meta name=\"robots\" content=\"index, follow, max-snippet:-1, max-image-preview:large, max-video-preview:-1\" \/>\n<link rel=\"canonical\" href=\"https:\/\/armeniahoy.com\/index.php\/2024\/12\/21\/se-inauguro-el-consulado-honorario-de-armenia-en-barcelona\/\" \/>\n<meta property=\"og:locale\" content=\"en_GB\" \/>\n<meta property=\"og:type\" content=\"article\" \/>\n<meta property=\"og:title\" content=\"Se inaugur\u00f3 el consulado honorario de Armenia en Barcelona - Armeniahoy\" \/>\n<meta property=\"og:description\" content=\"El 18 de diciembre se inaugur\u00f3 el consulado honorario de Armenia en Barcelona, el Embajador Sos Avetisyan\u00a0 acompa\u00f1ado con la segunda secretaria de la Embajada de Armenia en Espa\u00f1a Jenya Gulbenkyan y en presencia de los representantes de la comunidad armenia de Catalu\u00f1a present\u00f3 al Sr. Jos\u00e9 Daniel Barquero como\u00a0 consul honorario de Armenia en [&hellip;]\" \/>\n<meta property=\"og:url\" content=\"https:\/\/armeniahoy.com\/index.php\/2024\/12\/21\/se-inauguro-el-consulado-honorario-de-armenia-en-barcelona\/\" \/>\n<meta property=\"og:site_name\" content=\"Armeniahoy\" \/>\n<meta property=\"article:published_time\" content=\"2024-12-21T11:36:17+00:00\" \/>\n<meta property=\"article:modified_time\" content=\"2024-12-21T11:41:42+00:00\" \/>\n<meta property=\"og:image\" content=\"https:\/\/armeniahoy.com\/wp-content\/uploads\/2024\/12\/IMG-20241221-WA0017.jpg\" \/>\n\t<meta property=\"og:image:width\" content=\"1600\" \/>\n\t<meta property=\"og:image:height\" content=\"1200\" \/>\n\t<meta property=\"og:image:type\" content=\"image\/jpeg\" \/>\n<meta name=\"author\" content=\"Armeniahoy_admin\" \/>\n<meta name=\"twitter:card\" content=\"summary_large_image\" \/>\n<meta name=\"twitter:label1\" content=\"Written by\" \/>\n\t<meta name=\"twitter:data1\" content=\"Armeniahoy_admin\" \/>\n\t<meta name=\"twitter:label2\" content=\"Estimated reading time\" \/>\n\t<meta name=\"twitter:data2\" content=\"2 minutes\" \/>\n<script type=\"application\/ld+json\" class=\"yoast-schema-graph\">{\"@context\":\"https:\/\/schema.org\",\"@graph\":[{\"@type\":\"WebPage\",\"@id\":\"https:\/\/armeniahoy.com\/index.php\/2024\/12\/21\/se-inauguro-el-consulado-honorario-de-armenia-en-barcelona\/\",\"url\":\"https:\/\/armeniahoy.com\/index.php\/2024\/12\/21\/se-inauguro-el-consulado-honorario-de-armenia-en-barcelona\/\",\"name\":\"Se inaugur\u00f3 el consulado honorario de Armenia en Barcelona - Armeniahoy\",\"isPartOf\":{\"@id\":\"https:\/\/armeniahoy.com\/#website\"},\"primaryImageOfPage\":{\"@id\":\"https:\/\/armeniahoy.com\/index.php\/2024\/12\/21\/se-inauguro-el-consulado-honorario-de-armenia-en-barcelona\/#primaryimage\"},\"image\":{\"@id\":\"https:\/\/armeniahoy.com\/index.php\/2024\/12\/21\/se-inauguro-el-consulado-honorario-de-armenia-en-barcelona\/#primaryimage\"},\"thumbnailUrl\":\"https:\/\/armeniahoy.com\/wp-content\/uploads\/2024\/12\/IMG-20241221-WA0017.jpg\",\"datePublished\":\"2024-12-21T11:36:17+00:00\",\"dateModified\":\"2024-12-21T11:41:42+00:00\",\"author\":{\"@id\":\"https:\/\/armeniahoy.com\/#\/schema\/person\/43a6ddf56577bb96aa082771596ed2b8\"},\"breadcrumb\":{\"@id\":\"https:\/\/armeniahoy.com\/index.php\/2024\/12\/21\/se-inauguro-el-consulado-honorario-de-armenia-en-barcelona\/#breadcrumb\"},\"inLanguage\":\"en-GB\",\"potentialAction\":[{\"@type\":\"ReadAction\",\"target\":[\"https:\/\/armeniahoy.com\/index.php\/2024\/12\/21\/se-inauguro-el-consulado-honorario-de-armenia-en-barcelona\/\"]}]},{\"@type\":\"ImageObject\",\"inLanguage\":\"en-GB\",\"@id\":\"https:\/\/armeniahoy.com\/index.php\/2024\/12\/21\/se-inauguro-el-consulado-honorario-de-armenia-en-barcelona\/#primaryimage\",\"url\":\"https:\/\/armeniahoy.com\/wp-content\/uploads\/2024\/12\/IMG-20241221-WA0017.jpg\",\"contentUrl\":\"https:\/\/armeniahoy.com\/wp-content\/uploads\/2024\/12\/IMG-20241221-WA0017.jpg\",\"width\":1600,\"height\":1200},{\"@type\":\"BreadcrumbList\",\"@id\":\"https:\/\/armeniahoy.com\/index.php\/2024\/12\/21\/se-inauguro-el-consulado-honorario-de-armenia-en-barcelona\/#breadcrumb\",\"itemListElement\":[{\"@type\":\"ListItem\",\"position\":1,\"name\":\"Home\",\"item\":\"https:\/\/armeniahoy.com\/\"},{\"@type\":\"ListItem\",\"position\":2,\"name\":\"Se inaugur\u00f3 el consulado honorario de Armenia en Barcelona\"}]},{\"@type\":\"WebSite\",\"@id\":\"https:\/\/armeniahoy.com\/#website\",\"url\":\"https:\/\/armeniahoy.com\/\",\"name\":\"Armeniahoy\",\"description\":\"\",\"potentialAction\":[{\"@type\":\"SearchAction\",\"target\":{\"@type\":\"EntryPoint\",\"urlTemplate\":\"https:\/\/armeniahoy.com\/?s={search_term_string}\"},\"query-input\":{\"@type\":\"PropertyValueSpecification\",\"valueRequired\":true,\"valueName\":\"search_term_string\"}}],\"inLanguage\":\"en-GB\"},{\"@type\":\"Person\",\"@id\":\"https:\/\/armeniahoy.com\/#\/schema\/person\/43a6ddf56577bb96aa082771596ed2b8\",\"name\":\"Armeniahoy_admin\",\"image\":{\"@type\":\"ImageObject\",\"inLanguage\":\"en-GB\",\"@id\":\"https:\/\/armeniahoy.com\/#\/schema\/person\/image\/\",\"url\":\"https:\/\/secure.gravatar.com\/avatar\/1cfeedda9358b4c7ba0966e36afc065f831e834b008a63b630ebd4be3da5e489?s=96&d=mm&r=g\",\"contentUrl\":\"https:\/\/secure.gravatar.com\/avatar\/1cfeedda9358b4c7ba0966e36afc065f831e834b008a63b630ebd4be3da5e489?s=96&d=mm&r=g\",\"caption\":\"Armeniahoy_admin\"},\"sameAs\":[\"https:\/\/armeniahoy.com\"],\"url\":\"https:\/\/armeniahoy.com\/index.php\/author\/armeniahoy_admin\/\"}]}<\/script>\n<!-- \/ Yoast SEO plugin. -->","yoast_head_json":{"title":"Se inaugur\u00f3 el consulado honorario de Armenia en Barcelona - Armeniahoy","robots":{"index":"index","follow":"follow","max-snippet":"max-snippet:-1","max-image-preview":"max-image-preview:large","max-video-preview":"max-video-preview:-1"},"canonical":"https:\/\/armeniahoy.com\/index.php\/2024\/12\/21\/se-inauguro-el-consulado-honorario-de-armenia-en-barcelona\/","og_locale":"en_GB","og_type":"article","og_title":"Se inaugur\u00f3 el consulado honorario de Armenia en Barcelona - Armeniahoy","og_description":"El 18 de diciembre se inaugur\u00f3 el consulado honorario de Armenia en Barcelona, el Embajador Sos Avetisyan\u00a0 acompa\u00f1ado con la segunda secretaria de la Embajada de Armenia en Espa\u00f1a Jenya Gulbenkyan y en presencia de los representantes de la comunidad armenia de Catalu\u00f1a present\u00f3 al Sr. Jos\u00e9 Daniel Barquero como\u00a0 consul honorario de Armenia en [&hellip;]","og_url":"https:\/\/armeniahoy.com\/index.php\/2024\/12\/21\/se-inauguro-el-consulado-honorario-de-armenia-en-barcelona\/","og_site_name":"Armeniahoy","article_published_time":"2024-12-21T11:36:17+00:00","article_modified_time":"2024-12-21T11:41:42+00:00","og_image":[{"width":1600,"height":1200,"url":"https:\/\/armeniahoy.com\/wp-content\/uploads\/2024\/12\/IMG-20241221-WA0017.jpg","type":"image\/jpeg"}],"author":"Armeniahoy_admin","twitter_card":"summary_large_image","twitter_misc":{"Written by":"Armeniahoy_admin","Estimated reading time":"2 minutes"},"schema":{"@context":"https:\/\/schema.org","@graph":[{"@type":"WebPage","@id":"https:\/\/armeniahoy.com\/index.php\/2024\/12\/21\/se-inauguro-el-consulado-honorario-de-armenia-en-barcelona\/","url":"https:\/\/armeniahoy.com\/index.php\/2024\/12\/21\/se-inauguro-el-consulado-honorario-de-armenia-en-barcelona\/","name":"Se inaugur\u00f3 el consulado honorario de Armenia en Barcelona - Armeniahoy","isPartOf":{"@id":"https:\/\/armeniahoy.com\/#website"},"primaryImageOfPage":{"@id":"https:\/\/armeniahoy.com\/index.php\/2024\/12\/21\/se-inauguro-el-consulado-honorario-de-armenia-en-barcelona\/#primaryimage"},"image":{"@id":"https:\/\/armeniahoy.com\/index.php\/2024\/12\/21\/se-inauguro-el-consulado-honorario-de-armenia-en-barcelona\/#primaryimage"},"thumbnailUrl":"https:\/\/armeniahoy.com\/wp-content\/uploads\/2024\/12\/IMG-20241221-WA0017.jpg","datePublished":"2024-12-21T11:36:17+00:00","dateModified":"2024-12-21T11:41:42+00:00","author":{"@id":"https:\/\/armeniahoy.com\/#\/schema\/person\/43a6ddf56577bb96aa082771596ed2b8"},"breadcrumb":{"@id":"https:\/\/armeniahoy.com\/index.php\/2024\/12\/21\/se-inauguro-el-consulado-honorario-de-armenia-en-barcelona\/#breadcrumb"},"inLanguage":"en-GB","potentialAction":[{"@type":"ReadAction","target":["https:\/\/armeniahoy.com\/index.php\/2024\/12\/21\/se-inauguro-el-consulado-honorario-de-armenia-en-barcelona\/"]}]},{"@type":"ImageObject","inLanguage":"en-GB","@id":"https:\/\/armeniahoy.com\/index.php\/2024\/12\/21\/se-inauguro-el-consulado-honorario-de-armenia-en-barcelona\/#primaryimage","url":"https:\/\/armeniahoy.com\/wp-content\/uploads\/2024\/12\/IMG-20241221-WA0017.jpg","contentUrl":"https:\/\/armeniahoy.com\/wp-content\/uploads\/2024\/12\/IMG-20241221-WA0017.jpg","width":1600,"height":1200},{"@type":"BreadcrumbList","@id":"https:\/\/armeniahoy.com\/index.php\/2024\/12\/21\/se-inauguro-el-consulado-honorario-de-armenia-en-barcelona\/#breadcrumb","itemListElement":[{"@type":"ListItem","position":1,"name":"Home","item":"https:\/\/armeniahoy.com\/"},{"@type":"ListItem","position":2,"name":"Se inaugur\u00f3 el consulado honorario de Armenia en Barcelona"}]},{"@type":"WebSite","@id":"https:\/\/armeniahoy.com\/#website","url":"https:\/\/armeniahoy.com\/","name":"Armeniahoy","description":"","potentialAction":[{"@type":"SearchAction","target":{"@type":"EntryPoint","urlTemplate":"https:\/\/armeniahoy.com\/?s={search_term_string}"},"query-input":{"@type":"PropertyValueSpecification","valueRequired":true,"valueName":"search_term_string"}}],"inLanguage":"en-GB"},{"@type":"Person","@id":"https:\/\/armeniahoy.com\/#\/schema\/person\/43a6ddf56577bb96aa082771596ed2b8","name":"Armeniahoy_admin","image":{"@type":"ImageObject","inLanguage":"en-GB","@id":"https:\/\/armeniahoy.com\/#\/schema\/person\/image\/","url":"https:\/\/secure.gravatar.com\/avatar\/1cfeedda9358b4c7ba0966e36afc065f831e834b008a63b630ebd4be3da5e489?s=96&d=mm&r=g","contentUrl":"https:\/\/secure.gravatar.com\/avatar\/1cfeedda9358b4c7ba0966e36afc065f831e834b008a63b630ebd4be3da5e489?s=96&d=mm&r=g","caption":"Armeniahoy_admin"},"sameAs":["https:\/\/armeniahoy.com"],"url":"https:\/\/armeniahoy.com\/index.php\/author\/armeniahoy_admin\/"}]}},"_links":{"self":[{"href":"https:\/\/armeniahoy.com\/index.php\/wp-json\/wp\/v2\/posts\/390","targetHints":{"allow":["GET"]}}],"collection":[{"href":"https:\/\/armeniahoy.com\/index.php\/wp-json\/wp\/v2\/posts"}],"about":[{"href":"https:\/\/armeniahoy.com\/index.php\/wp-json\/wp\/v2\/types\/post"}],"author":[{"embeddable":true,"href":"https:\/\/armeniahoy.com\/index.php\/wp-json\/wp\/v2\/users\/1"}],"replies":[{"embeddable":true,"href":"https:\/\/armeniahoy.com\/index.php\/wp-json\/wp\/v2\/comments?post=390"}],"version-history":[{"count":3,"href":"https:\/\/armeniahoy.com\/index.php\/wp-json\/wp\/v2\/posts\/390\/revisions"}],"predecessor-version":[{"id":395,"href":"https:\/\/armeniahoy.com\/index.php\/wp-json\/wp\/v2\/posts\/390\/revisions\/395"}],"wp:featuredmedia":[{"embeddable":true,"href":"https:\/\/armeniahoy.com\/index.php\/wp-json\/wp\/v2\/media\/391"}],"wp:attachment":[{"href":"https:\/\/armeniahoy.com\/index.php\/wp-json\/wp\/v2\/media?parent=390"}],"wp:term":[{"taxonomy":"category","embeddable":true,"href":"https:\/\/armeniahoy.com\/index.php\/wp-json\/wp\/v2\/categories?post=390"},{"taxonomy":"post_tag","embeddable":true,"href":"https:\/\/armeniahoy.com\/index.php\/wp-json\/wp\/v2\/tags?post=390"}],"curies":[{"name":"wp","href":"https:\/\/api.w.org\/{rel}","templated":true}]}}