{"id":454,"date":"2025-01-01T19:33:42","date_gmt":"2025-01-01T19:33:42","guid":{"rendered":"https:\/\/armeniahoy.com\/?p=454"},"modified":"2025-01-01T19:33:42","modified_gmt":"2025-01-01T19:33:42","slug":"memoria-de-nagorno-karabaj-por-ricardo-ruiz-de-la-serrna","status":"publish","type":"post","link":"https:\/\/armeniahoy.com\/index.php\/2025\/01\/01\/memoria-de-nagorno-karabaj-por-ricardo-ruiz-de-la-serrna\/","title":{"rendered":"Memoria de Nagorno-Karabaj por Ricardo Ruiz de la Serrna"},"content":{"rendered":"<p>Se va a cumplir un a\u00f1o del fin de las instituciones armenias en Nagorno-Karabaj despu\u00e9s de la ca\u00edda de Stepanakert y el fin de\u00a0<a href=\"https:\/\/www.elimparcial.es\/noticia\/246479\/opinion\/maniobras-de-guerra-hibrida-en-el-caucaso.html\" target=\"_blank\" rel=\"nofollow noopener noreferrer\">la <strong>guerra<\/strong> h\u00edbrida emprendida por Arzerbaiy\u00e1n contra los armenios de<\/a>l territorio.\u00a0<a href=\"https:\/\/www.elimparcial.es\/noticia\/260136\/opinion\/se-ha-hecho-silencio.html\" target=\"_blank\" rel=\"nofollow noopener noreferrer\">Doce meses despu\u00e9s, la presencia armenia all\u00ed ha desaparecido casi por completo.<\/a> Hay m\u00e1s de 100 000 desplazados en la Rep\u00fablica de Armenia que, de hecho, est\u00e1n tratando de rehacer sus vidas. Desde este punto de vista, ha de admitirse que la operaci\u00f3n militar contra los armenios fue un \u00e9xito. Se ha acabado con la presencia armenia. Ahora se est\u00e1n borrando las huellas de m\u00e1s de 2 400 a\u00f1os de vida armenia en Nagorno-Karabaj. El proceso de reescritura de la historia y de reconstrucci\u00f3n de la memoria ya est\u00e1 en marcha.<\/p>\n<p style=\"text-align: left;\">El destino de los armenios de Nagorno-Karabaj marca el camino a otros que quieran hacer lo mismo. Cualquier Estado sabe ahora que, si dispone de recursos estrat\u00e9gicos -petr\u00f3leo, gas- y de aliados poderosos, puede expulsar a una poblaci\u00f3n de su territorio hist\u00f3rico sin que la comunidad internacional reaccione. En este sentido, la pasividad de la Uni\u00f3n Europea, que no pierde ocasi\u00f3n de agitar la bandera de los derechos humanos, resulta de una estremecedora elocuencia: ya se sabe qu\u00e9 cabe esperar de Bruselas cuando est\u00e1 en juego el suministro de gas.<\/p>\n<div class=\"mueveCentro\"><center><ins id=\"revive-0-179\" data-revive-zoneid=\"153\" data-revive-id=\"34242780d786431b657d2d60fdc56de1\" data-revive-seq=\"179\" data-revive-loaded=\"1\"><img loading=\"lazy\" decoding=\"async\" src=\"https:\/\/ad.doubleclick.net\/ddm\/trackimp\/N6603.803585ELIMPARCIAL.ES\/B32837981.409570333;dc_trk_aid=601705403;dc_trk_cid=226516532;ord=[timestamp];dc_lat=;dc_rdid=;tag_for_child_directed_treatment=;tfua=;gdpr=$%7BGDPR%7D;gdpr_consent=$%7BGDPR_CONSENT_755%7D;ltd=;dc_tdv=1?\" alt=\"Advertisement\" width=\"1\" height=\"1\" border=\"0\" \/>La superioridad militar azerbaiyana fue un hecho, aunque es de justicia se\u00f1alar que la supremac\u00eda fue tecnol\u00f3gica -por ejemplo el uso de drones importados de Turqu\u00eda e Israel- pero no humana. Los armenios de Nagorno-Karabaj pelearon con valor en una lucha desigual y sufrieron un desgaste incesante desde el a\u00f1o 2020. Al ataque de septiembre de aquel a\u00f1o l<a href=\"https:\/\/www.elimparcial.es\/noticia\/257311\/opinion\/mas-de-siete-meses-de-bloqueo.html\" target=\"_blank\" rel=\"nofollow noopener noreferrer\">e <strong>siguieron<\/strong> m\u00e1s de dos a\u00f1os de violencia y bloqueo que privaron al territorio de electricidad, alimentos y medicamentos<\/a>. Cuando el ej\u00e9rcito azerbaiyano reemprendi\u00f3 las hostilidades militares en septiembre de 2023,\u00a0<a href=\"https:\/\/www.elimparcial.es\/noticia\/259251\/opinion\/la-sangre-de-tu-hermano.html\" target=\"_blank\" rel=\"nofollow noopener noreferrer\">los armenios estaban ya muy debilitados<\/a>. Si hubo dignidad y coraje en esos a\u00f1os, no estuvieron del lado azerbaiyano, que golpeaba a una poblaci\u00f3n asfixiada.<\/ins><\/center><\/div>\n<p>Como consecuencia de la ca\u00edda de Nagorno-Karabaj, Azerbaiy\u00e1n ha continuado su pol\u00edtica de amenaza militar contra la Rep\u00fablica de Armenia. Aprovechando la necesidad energ\u00e9tica de la Uni\u00f3n Europea y la distracci\u00f3n que supone la guerra en Ucrania, Bak\u00fa ha aumentado la presi\u00f3n sobre Erev\u00e1n. Para alcanzar un acuerdo de paz, que habr\u00eda de poner fin a un conflicto que se prolonga desde hace m\u00e1s de treinta a\u00f1os, exige cesiones territoriales -las poblaciones de Tigranashen, Sofulu, Barkhudarlu, y Verin Voskepar- as\u00ed como el regreso de los azerbaiyanos al territorio armenio que Bak\u00fa denomina \u00abAzerbaiy\u00e1n Occidental\u00bb y el establecimiento de un corredor a trav\u00e9s del territorio armenio que conecte el enclave azerbaiyano de Nakichevan con el resto de Azerbaiy\u00e1n. Exige tambi\u00e9n, entre otras cosas m\u00e1s, cambios constitucionales y legislativos en el Derecho armenio, restricciones en el desarrollo de las fuerzas armadas armenias y la disoluci\u00f3n del grupo de Minsk auspiciado por la OSCE.<\/p>\n<p>La Rep\u00fablica de Armenia tiene varias cosas en contra. Necesita tiempo para fortalecer su ej\u00e9rcito. Necesita paz para desarrollar su econom\u00eda. Necesita unidad para hacer frente a un vecino hostil. Bak\u00fa sabe que la imposici\u00f3n de medidas y decisiones humillantes debilita a Erev\u00e1n. El destino de los prisioneros de guerra armenios cautivos en Azerbaiy\u00e1n es una de las formas que Bak\u00fa tiene de presionar a Erev\u00e1n.<\/p>\n<p>Sin embargo, el gobierno armenio tambi\u00e9n est\u00e1 tomando decisiones. Ha establecido sendas asociaciones estrat\u00e9gicas con la India y con Francia que implican tanto el suministro de material militar como el entrenamiento de tropas y la intervenci\u00f3n de consejeros militares. Por otra parte, la Rep\u00fablica Isl\u00e1mica de Ir\u00e1n ha advertido que no permitir\u00e1 cambios en las fronteras, lo que implica una oposici\u00f3n al establecimiento del corredor que Azerbaiy\u00e1n exige. Por fin, la intervenci\u00f3n de la Misi\u00f3n Europea en Armenia, que patrulla la frontera con Azerbaiy\u00e1n ha dificultado algo las incursiones azerbaiyanas en el territorio armenio.<\/p>\n<p>As\u00ed, hay no hay paz ni hay guerra entre Armenia y Azerbaiy\u00e1n, que ha logrado expulsar impunemente a 120 000 armenios de Nagorno-Karabaj y\u00a0<a href=\"https:\/\/www.elimparcial.es\/noticia\/163377\/opinion\/la-tragedia-de-karabaj.html\" target=\"_blank\" rel=\"nofollow noopener noreferrer\">erradicar de all\u00ed una vida armenia de m\u00e1s de veinte siglos<\/a>. Esto sienta un terrible precedente para el futuro.<\/p>\n<p>Escrito por Ricardo Ruiz de la Serrna en el Imparcial.es<\/p>\n","protected":false},"excerpt":{"rendered":"<p>Se va a cumplir un a\u00f1o del fin de las instituciones armenias en Nagorno-Karabaj despu\u00e9s de la ca\u00edda de Stepanakert y el fin de\u00a0la guerra h\u00edbrida emprendida por Arzerbaiy\u00e1n contra los armenios del territorio.\u00a0Doce meses despu\u00e9s, la presencia armenia all\u00ed ha desaparecido casi por completo. Hay m\u00e1s de 100 000 desplazados en la Rep\u00fablica de [&hellip;]<\/p>\n","protected":false},"author":1,"featured_media":455,"comment_status":"open","ping_status":"open","sticky":false,"template":"","format":"standard","meta":{"tdm_status":"","tdm_grid_status":"","footnotes":""},"categories":[13],"tags":[],"class_list":["post-454","post","type-post","status-publish","format-standard","has-post-thumbnail","hentry","category-politica"],"yoast_head":"<!-- This site is optimized with the Yoast SEO plugin v23.5 - https:\/\/yoast.com\/wordpress\/plugins\/seo\/ -->\n<title>Memoria de Nagorno-Karabaj por Ricardo Ruiz de la Serrna - Armeniahoy<\/title>\n<meta name=\"robots\" content=\"index, follow, max-snippet:-1, max-image-preview:large, max-video-preview:-1\" \/>\n<link rel=\"canonical\" href=\"https:\/\/armeniahoy.com\/index.php\/2025\/01\/01\/memoria-de-nagorno-karabaj-por-ricardo-ruiz-de-la-serrna\/\" \/>\n<meta property=\"og:locale\" content=\"en_GB\" \/>\n<meta property=\"og:type\" content=\"article\" \/>\n<meta property=\"og:title\" content=\"Memoria de Nagorno-Karabaj por Ricardo Ruiz de la Serrna - Armeniahoy\" \/>\n<meta property=\"og:description\" content=\"Se va a cumplir un a\u00f1o del fin de las instituciones armenias en Nagorno-Karabaj despu\u00e9s de la ca\u00edda de Stepanakert y el fin de\u00a0la guerra h\u00edbrida emprendida por Arzerbaiy\u00e1n contra los armenios del territorio.\u00a0Doce meses despu\u00e9s, la presencia armenia all\u00ed ha desaparecido casi por completo. Hay m\u00e1s de 100 000 desplazados en la Rep\u00fablica de [&hellip;]\" \/>\n<meta property=\"og:url\" content=\"https:\/\/armeniahoy.com\/index.php\/2025\/01\/01\/memoria-de-nagorno-karabaj-por-ricardo-ruiz-de-la-serrna\/\" \/>\n<meta property=\"og:site_name\" content=\"Armeniahoy\" \/>\n<meta property=\"article:published_time\" content=\"2025-01-01T19:33:42+00:00\" \/>\n<meta property=\"og:image\" content=\"https:\/\/armeniahoy.com\/wp-content\/uploads\/2025\/01\/20250101_203042.jpg\" \/>\n\t<meta property=\"og:image:width\" content=\"512\" \/>\n\t<meta property=\"og:image:height\" content=\"512\" \/>\n\t<meta property=\"og:image:type\" content=\"image\/jpeg\" \/>\n<meta name=\"author\" content=\"Armeniahoy_admin\" \/>\n<meta name=\"twitter:card\" content=\"summary_large_image\" \/>\n<meta name=\"twitter:label1\" content=\"Written by\" \/>\n\t<meta name=\"twitter:data1\" content=\"Armeniahoy_admin\" \/>\n\t<meta name=\"twitter:label2\" content=\"Estimated reading time\" \/>\n\t<meta name=\"twitter:data2\" content=\"4 minutes\" \/>\n<script type=\"application\/ld+json\" class=\"yoast-schema-graph\">{\"@context\":\"https:\/\/schema.org\",\"@graph\":[{\"@type\":\"WebPage\",\"@id\":\"https:\/\/armeniahoy.com\/index.php\/2025\/01\/01\/memoria-de-nagorno-karabaj-por-ricardo-ruiz-de-la-serrna\/\",\"url\":\"https:\/\/armeniahoy.com\/index.php\/2025\/01\/01\/memoria-de-nagorno-karabaj-por-ricardo-ruiz-de-la-serrna\/\",\"name\":\"Memoria de Nagorno-Karabaj por Ricardo Ruiz de la Serrna - Armeniahoy\",\"isPartOf\":{\"@id\":\"https:\/\/armeniahoy.com\/#website\"},\"primaryImageOfPage\":{\"@id\":\"https:\/\/armeniahoy.com\/index.php\/2025\/01\/01\/memoria-de-nagorno-karabaj-por-ricardo-ruiz-de-la-serrna\/#primaryimage\"},\"image\":{\"@id\":\"https:\/\/armeniahoy.com\/index.php\/2025\/01\/01\/memoria-de-nagorno-karabaj-por-ricardo-ruiz-de-la-serrna\/#primaryimage\"},\"thumbnailUrl\":\"https:\/\/armeniahoy.com\/wp-content\/uploads\/2025\/01\/20250101_203042.jpg\",\"datePublished\":\"2025-01-01T19:33:42+00:00\",\"dateModified\":\"2025-01-01T19:33:42+00:00\",\"author\":{\"@id\":\"https:\/\/armeniahoy.com\/#\/schema\/person\/43a6ddf56577bb96aa082771596ed2b8\"},\"breadcrumb\":{\"@id\":\"https:\/\/armeniahoy.com\/index.php\/2025\/01\/01\/memoria-de-nagorno-karabaj-por-ricardo-ruiz-de-la-serrna\/#breadcrumb\"},\"inLanguage\":\"en-GB\",\"potentialAction\":[{\"@type\":\"ReadAction\",\"target\":[\"https:\/\/armeniahoy.com\/index.php\/2025\/01\/01\/memoria-de-nagorno-karabaj-por-ricardo-ruiz-de-la-serrna\/\"]}]},{\"@type\":\"ImageObject\",\"inLanguage\":\"en-GB\",\"@id\":\"https:\/\/armeniahoy.com\/index.php\/2025\/01\/01\/memoria-de-nagorno-karabaj-por-ricardo-ruiz-de-la-serrna\/#primaryimage\",\"url\":\"https:\/\/armeniahoy.com\/wp-content\/uploads\/2025\/01\/20250101_203042.jpg\",\"contentUrl\":\"https:\/\/armeniahoy.com\/wp-content\/uploads\/2025\/01\/20250101_203042.jpg\",\"width\":512,\"height\":512},{\"@type\":\"BreadcrumbList\",\"@id\":\"https:\/\/armeniahoy.com\/index.php\/2025\/01\/01\/memoria-de-nagorno-karabaj-por-ricardo-ruiz-de-la-serrna\/#breadcrumb\",\"itemListElement\":[{\"@type\":\"ListItem\",\"position\":1,\"name\":\"Home\",\"item\":\"https:\/\/armeniahoy.com\/\"},{\"@type\":\"ListItem\",\"position\":2,\"name\":\"Memoria de Nagorno-Karabaj por Ricardo Ruiz de la Serrna\"}]},{\"@type\":\"WebSite\",\"@id\":\"https:\/\/armeniahoy.com\/#website\",\"url\":\"https:\/\/armeniahoy.com\/\",\"name\":\"Armeniahoy\",\"description\":\"\",\"potentialAction\":[{\"@type\":\"SearchAction\",\"target\":{\"@type\":\"EntryPoint\",\"urlTemplate\":\"https:\/\/armeniahoy.com\/?s={search_term_string}\"},\"query-input\":{\"@type\":\"PropertyValueSpecification\",\"valueRequired\":true,\"valueName\":\"search_term_string\"}}],\"inLanguage\":\"en-GB\"},{\"@type\":\"Person\",\"@id\":\"https:\/\/armeniahoy.com\/#\/schema\/person\/43a6ddf56577bb96aa082771596ed2b8\",\"name\":\"Armeniahoy_admin\",\"image\":{\"@type\":\"ImageObject\",\"inLanguage\":\"en-GB\",\"@id\":\"https:\/\/armeniahoy.com\/#\/schema\/person\/image\/\",\"url\":\"https:\/\/secure.gravatar.com\/avatar\/1cfeedda9358b4c7ba0966e36afc065f831e834b008a63b630ebd4be3da5e489?s=96&d=mm&r=g\",\"contentUrl\":\"https:\/\/secure.gravatar.com\/avatar\/1cfeedda9358b4c7ba0966e36afc065f831e834b008a63b630ebd4be3da5e489?s=96&d=mm&r=g\",\"caption\":\"Armeniahoy_admin\"},\"sameAs\":[\"https:\/\/armeniahoy.com\"],\"url\":\"https:\/\/armeniahoy.com\/index.php\/author\/armeniahoy_admin\/\"}]}<\/script>\n<!-- \/ Yoast SEO plugin. -->","yoast_head_json":{"title":"Memoria de Nagorno-Karabaj por Ricardo Ruiz de la Serrna - Armeniahoy","robots":{"index":"index","follow":"follow","max-snippet":"max-snippet:-1","max-image-preview":"max-image-preview:large","max-video-preview":"max-video-preview:-1"},"canonical":"https:\/\/armeniahoy.com\/index.php\/2025\/01\/01\/memoria-de-nagorno-karabaj-por-ricardo-ruiz-de-la-serrna\/","og_locale":"en_GB","og_type":"article","og_title":"Memoria de Nagorno-Karabaj por Ricardo Ruiz de la Serrna - Armeniahoy","og_description":"Se va a cumplir un a\u00f1o del fin de las instituciones armenias en Nagorno-Karabaj despu\u00e9s de la ca\u00edda de Stepanakert y el fin de\u00a0la guerra h\u00edbrida emprendida por Arzerbaiy\u00e1n contra los armenios del territorio.\u00a0Doce meses despu\u00e9s, la presencia armenia all\u00ed ha desaparecido casi por completo. Hay m\u00e1s de 100 000 desplazados en la Rep\u00fablica de [&hellip;]","og_url":"https:\/\/armeniahoy.com\/index.php\/2025\/01\/01\/memoria-de-nagorno-karabaj-por-ricardo-ruiz-de-la-serrna\/","og_site_name":"Armeniahoy","article_published_time":"2025-01-01T19:33:42+00:00","og_image":[{"width":512,"height":512,"url":"https:\/\/armeniahoy.com\/wp-content\/uploads\/2025\/01\/20250101_203042.jpg","type":"image\/jpeg"}],"author":"Armeniahoy_admin","twitter_card":"summary_large_image","twitter_misc":{"Written by":"Armeniahoy_admin","Estimated reading time":"4 minutes"},"schema":{"@context":"https:\/\/schema.org","@graph":[{"@type":"WebPage","@id":"https:\/\/armeniahoy.com\/index.php\/2025\/01\/01\/memoria-de-nagorno-karabaj-por-ricardo-ruiz-de-la-serrna\/","url":"https:\/\/armeniahoy.com\/index.php\/2025\/01\/01\/memoria-de-nagorno-karabaj-por-ricardo-ruiz-de-la-serrna\/","name":"Memoria de Nagorno-Karabaj por Ricardo Ruiz de la Serrna - Armeniahoy","isPartOf":{"@id":"https:\/\/armeniahoy.com\/#website"},"primaryImageOfPage":{"@id":"https:\/\/armeniahoy.com\/index.php\/2025\/01\/01\/memoria-de-nagorno-karabaj-por-ricardo-ruiz-de-la-serrna\/#primaryimage"},"image":{"@id":"https:\/\/armeniahoy.com\/index.php\/2025\/01\/01\/memoria-de-nagorno-karabaj-por-ricardo-ruiz-de-la-serrna\/#primaryimage"},"thumbnailUrl":"https:\/\/armeniahoy.com\/wp-content\/uploads\/2025\/01\/20250101_203042.jpg","datePublished":"2025-01-01T19:33:42+00:00","dateModified":"2025-01-01T19:33:42+00:00","author":{"@id":"https:\/\/armeniahoy.com\/#\/schema\/person\/43a6ddf56577bb96aa082771596ed2b8"},"breadcrumb":{"@id":"https:\/\/armeniahoy.com\/index.php\/2025\/01\/01\/memoria-de-nagorno-karabaj-por-ricardo-ruiz-de-la-serrna\/#breadcrumb"},"inLanguage":"en-GB","potentialAction":[{"@type":"ReadAction","target":["https:\/\/armeniahoy.com\/index.php\/2025\/01\/01\/memoria-de-nagorno-karabaj-por-ricardo-ruiz-de-la-serrna\/"]}]},{"@type":"ImageObject","inLanguage":"en-GB","@id":"https:\/\/armeniahoy.com\/index.php\/2025\/01\/01\/memoria-de-nagorno-karabaj-por-ricardo-ruiz-de-la-serrna\/#primaryimage","url":"https:\/\/armeniahoy.com\/wp-content\/uploads\/2025\/01\/20250101_203042.jpg","contentUrl":"https:\/\/armeniahoy.com\/wp-content\/uploads\/2025\/01\/20250101_203042.jpg","width":512,"height":512},{"@type":"BreadcrumbList","@id":"https:\/\/armeniahoy.com\/index.php\/2025\/01\/01\/memoria-de-nagorno-karabaj-por-ricardo-ruiz-de-la-serrna\/#breadcrumb","itemListElement":[{"@type":"ListItem","position":1,"name":"Home","item":"https:\/\/armeniahoy.com\/"},{"@type":"ListItem","position":2,"name":"Memoria de Nagorno-Karabaj por Ricardo Ruiz de la Serrna"}]},{"@type":"WebSite","@id":"https:\/\/armeniahoy.com\/#website","url":"https:\/\/armeniahoy.com\/","name":"Armeniahoy","description":"","potentialAction":[{"@type":"SearchAction","target":{"@type":"EntryPoint","urlTemplate":"https:\/\/armeniahoy.com\/?s={search_term_string}"},"query-input":{"@type":"PropertyValueSpecification","valueRequired":true,"valueName":"search_term_string"}}],"inLanguage":"en-GB"},{"@type":"Person","@id":"https:\/\/armeniahoy.com\/#\/schema\/person\/43a6ddf56577bb96aa082771596ed2b8","name":"Armeniahoy_admin","image":{"@type":"ImageObject","inLanguage":"en-GB","@id":"https:\/\/armeniahoy.com\/#\/schema\/person\/image\/","url":"https:\/\/secure.gravatar.com\/avatar\/1cfeedda9358b4c7ba0966e36afc065f831e834b008a63b630ebd4be3da5e489?s=96&d=mm&r=g","contentUrl":"https:\/\/secure.gravatar.com\/avatar\/1cfeedda9358b4c7ba0966e36afc065f831e834b008a63b630ebd4be3da5e489?s=96&d=mm&r=g","caption":"Armeniahoy_admin"},"sameAs":["https:\/\/armeniahoy.com"],"url":"https:\/\/armeniahoy.com\/index.php\/author\/armeniahoy_admin\/"}]}},"_links":{"self":[{"href":"https:\/\/armeniahoy.com\/index.php\/wp-json\/wp\/v2\/posts\/454","targetHints":{"allow":["GET"]}}],"collection":[{"href":"https:\/\/armeniahoy.com\/index.php\/wp-json\/wp\/v2\/posts"}],"about":[{"href":"https:\/\/armeniahoy.com\/index.php\/wp-json\/wp\/v2\/types\/post"}],"author":[{"embeddable":true,"href":"https:\/\/armeniahoy.com\/index.php\/wp-json\/wp\/v2\/users\/1"}],"replies":[{"embeddable":true,"href":"https:\/\/armeniahoy.com\/index.php\/wp-json\/wp\/v2\/comments?post=454"}],"version-history":[{"count":1,"href":"https:\/\/armeniahoy.com\/index.php\/wp-json\/wp\/v2\/posts\/454\/revisions"}],"predecessor-version":[{"id":456,"href":"https:\/\/armeniahoy.com\/index.php\/wp-json\/wp\/v2\/posts\/454\/revisions\/456"}],"wp:featuredmedia":[{"embeddable":true,"href":"https:\/\/armeniahoy.com\/index.php\/wp-json\/wp\/v2\/media\/455"}],"wp:attachment":[{"href":"https:\/\/armeniahoy.com\/index.php\/wp-json\/wp\/v2\/media?parent=454"}],"wp:term":[{"taxonomy":"category","embeddable":true,"href":"https:\/\/armeniahoy.com\/index.php\/wp-json\/wp\/v2\/categories?post=454"},{"taxonomy":"post_tag","embeddable":true,"href":"https:\/\/armeniahoy.com\/index.php\/wp-json\/wp\/v2\/tags?post=454"}],"curies":[{"name":"wp","href":"https:\/\/api.w.org\/{rel}","templated":true}]}}