{"id":509,"date":"2025-01-11T17:29:01","date_gmt":"2025-01-11T17:29:01","guid":{"rendered":"https:\/\/armeniahoy.com\/?p=509"},"modified":"2025-01-11T17:41:01","modified_gmt":"2025-01-11T17:41:01","slug":"nune-arakelyan-a-dia-de-hoy-11-de-enero-la-situacion-en-nuestra-ciudad-es-bastante-tranquila-y-ya-no-es-considerando-una-ciudad-que-esta-al-borde-de-la-emergencia","status":"publish","type":"post","link":"https:\/\/armeniahoy.com\/index.php\/2025\/01\/11\/nune-arakelyan-a-dia-de-hoy-11-de-enero-la-situacion-en-nuestra-ciudad-es-bastante-tranquila-y-ya-no-es-considerando-una-ciudad-que-esta-al-borde-de-la-emergencia\/","title":{"rendered":"Nune Arakelyan &#8220;A d\u00eda de hoy 11 de enero, la situaci\u00f3n en nuestra ciudad es bastante tranquila, y ya no es considerando una ciudad que esta al borde de la emergencia&#8221;"},"content":{"rendered":"<p><a href=\"https:\/\/elpais.com\/us\/2025-01-09\/donde-se-ubican-los-incendios-de-california-como-comenzaron-y-cuales-son-los-danos-hasta-ahora.html\" target=\"_blank\" rel=\"noopener\">El frente en Pacific Palisades lleva ardiendo desde la tarde del martes<\/a>\u00a0y se ha convertido en \u201cuno de los desastres naturales m\u00e1s destructivos en la historia de Los \u00c1ngeles\u201d,<\/p>\n<p>Entrevistamos a Nune Arakelyan Sahakyan miembro de la comunidad armenia de Los \u00c1ngeles.<\/p>\n<p>1 \u00bfD\u00f3nde os encontr\u00e1is en estos momentos ?<\/p>\n<p>Vivimos en La Crescenta, el primer d\u00eda de los incendios fueron muy fuertes y extend\u00edan r\u00e1pidamente por otras zonas a causa de las fuertes olas de viento,\u00a0 tuvimos ordenes de evacuaci\u00f3n,\u00a0 despu\u00e9s cortaron le electricidad durante 3 d\u00edas, como no era posible mantener a los ni\u00f1os en casa con el frio que hacia , nos mudamos temporalmente a Glendale, pero como se estaban produciendo saqueos y robos decidimos yo y mi marido quedarnos en nuestra casa. A d\u00eda de hoy 11 de enero, la situaci\u00f3n en nuestra ciudad es bastante tranquila, y ya no es considerando una ciudad que esta al borde de la emergencia, como todav\u00eda no hay vientos, los bomberos pueden surcar los cielos con los helic\u00f3pteros.<\/p>\n<p>2. \u00bfTienes constancia de cuantas familias armenias han sido afectados, fallecidos, heridos, ? sabes si los centros culturales armenios, escuelas o algunas de las Iglesias armenias han sido afectadas?<\/p>\n<p>Notificaciones oficiales de la Comunidad armenia a\u00fan no tengo constancia, solo tenemos constancia que ha sido afectada la escuela armenia &#8220;Sahak-Mesrop&#8221; en Pasadena fue completamente incendiada como resultado de los incendios forestales en la regi\u00f3n de Los \u00c1ngeles,\u00a0 lamentablemente se quemo toda la Iglesia menos un &#8220;Xachkar armenio&#8221;\u00a0 se esta haciendo una recolecta para la reconstrucci\u00f3n de la Iglesia, las clases se ver\u00e1n afectadas temporalmente,\u00a0 hay grupos de jovenes que est\u00e1n recogiendo ayudas para poder destinarlos a las comunidades afectadas, hay un numero alto de familias armenias han sido evacuados por los servicios de emergencia.<\/p>\n<p><img decoding=\"async\" src=\"https:\/\/static.tert.am\/storage\/files\/photo-5474453349882522587-y-770x_.jpg\" alt=\"La escuela armenia &quot;Sahak-Mesrop&quot; en Pasadena fue completamente incendiada. Halajyan\" \/><\/p>\n<p>En Internet, muchos armenios tambi\u00e9n publican reacciones y videos de la propagaci\u00f3n del fuego, inform\u00e1ndose si est\u00e1n en una zona segura o no. El incendio de r\u00e1pida propagaci\u00f3n tambi\u00e9n se encuentra en asentamientos poblados por armenios: Glendale, Burbank, Pasadena, Sylmar.<\/p>\n<p>3 \u00bf C\u00f3mo es la situaci\u00f3n en la actualidad ?<\/p>\n<p><span class=\"Y2IQFc\" lang=\"es\">En este momento hay varios incendios, el m\u00e1s peligroso de los cuales es el incendio de Pacific Palasades, que han venido a apagar bomberos de varios estados.<\/span><\/p>\n<p><img loading=\"lazy\" decoding=\"async\" class=\"alignnone size-medium wp-image-514\" src=\"https:\/\/armeniahoy.com\/wp-content\/uploads\/2025\/01\/IMG_20250111_183046_837-138x300.jpg\" alt=\"\" width=\"138\" height=\"300\" srcset=\"https:\/\/armeniahoy.com\/wp-content\/uploads\/2025\/01\/IMG_20250111_183046_837-138x300.jpg 138w, https:\/\/armeniahoy.com\/wp-content\/uploads\/2025\/01\/IMG_20250111_183046_837-472x1024.jpg 472w, https:\/\/armeniahoy.com\/wp-content\/uploads\/2025\/01\/IMG_20250111_183046_837-768x1665.jpg 768w, https:\/\/armeniahoy.com\/wp-content\/uploads\/2025\/01\/IMG_20250111_183046_837-709x1536.jpg 709w, https:\/\/armeniahoy.com\/wp-content\/uploads\/2025\/01\/IMG_20250111_183046_837-945x2048.jpg 945w, https:\/\/armeniahoy.com\/wp-content\/uploads\/2025\/01\/IMG_20250111_183046_837-194x420.jpg 194w, https:\/\/armeniahoy.com\/wp-content\/uploads\/2025\/01\/IMG_20250111_183046_837-640x1387.jpg 640w, https:\/\/armeniahoy.com\/wp-content\/uploads\/2025\/01\/IMG_20250111_183046_837-681x1476.jpg 681w, https:\/\/armeniahoy.com\/wp-content\/uploads\/2025\/01\/IMG_20250111_183046_837.jpg 1179w\" sizes=\"auto, (max-width: 138px) 100vw, 138px\" \/><\/p>\n<p>&nbsp;<\/p>\n<p>&nbsp;<\/p>\n<p>&nbsp;<\/p>\n<p>&nbsp;<\/p>\n","protected":false},"excerpt":{"rendered":"<p>El frente en Pacific Palisades lleva ardiendo desde la tarde del martes\u00a0y se ha convertido en \u201cuno de los desastres naturales m\u00e1s destructivos en la historia de Los \u00c1ngeles\u201d, Entrevistamos a Nune Arakelyan Sahakyan miembro de la comunidad armenia de Los \u00c1ngeles. 1 \u00bfD\u00f3nde os encontr\u00e1is en estos momentos ? Vivimos en La Crescenta, el [&hellip;]<\/p>\n","protected":false},"author":1,"featured_media":510,"comment_status":"open","ping_status":"open","sticky":false,"template":"","format":"standard","meta":{"tdm_status":"","tdm_grid_status":"","footnotes":""},"categories":[15],"tags":[],"class_list":["post-509","post","type-post","status-publish","format-standard","has-post-thumbnail","hentry","category-cultura"],"yoast_head":"<!-- This site is optimized with the Yoast SEO plugin v23.5 - https:\/\/yoast.com\/wordpress\/plugins\/seo\/ -->\n<title>Nune Arakelyan &quot;A d\u00eda de hoy 11 de enero, la situaci\u00f3n en nuestra ciudad es bastante tranquila, y ya no es considerando una ciudad que esta al borde de la emergencia&quot; - Armeniahoy<\/title>\n<meta name=\"robots\" content=\"index, follow, max-snippet:-1, max-image-preview:large, max-video-preview:-1\" \/>\n<link rel=\"canonical\" href=\"https:\/\/armeniahoy.com\/index.php\/2025\/01\/11\/nune-arakelyan-a-dia-de-hoy-11-de-enero-la-situacion-en-nuestra-ciudad-es-bastante-tranquila-y-ya-no-es-considerando-una-ciudad-que-esta-al-borde-de-la-emergencia\/\" \/>\n<meta property=\"og:locale\" content=\"en_GB\" \/>\n<meta property=\"og:type\" content=\"article\" \/>\n<meta property=\"og:title\" content=\"Nune Arakelyan &quot;A d\u00eda de hoy 11 de enero, la situaci\u00f3n en nuestra ciudad es bastante tranquila, y ya no es considerando una ciudad que esta al borde de la emergencia&quot; - Armeniahoy\" \/>\n<meta property=\"og:description\" content=\"El frente en Pacific Palisades lleva ardiendo desde la tarde del martes\u00a0y se ha convertido en \u201cuno de los desastres naturales m\u00e1s destructivos en la historia de Los \u00c1ngeles\u201d, Entrevistamos a Nune Arakelyan Sahakyan miembro de la comunidad armenia de Los \u00c1ngeles. 1 \u00bfD\u00f3nde os encontr\u00e1is en estos momentos ? Vivimos en La Crescenta, el [&hellip;]\" \/>\n<meta property=\"og:url\" content=\"https:\/\/armeniahoy.com\/index.php\/2025\/01\/11\/nune-arakelyan-a-dia-de-hoy-11-de-enero-la-situacion-en-nuestra-ciudad-es-bastante-tranquila-y-ya-no-es-considerando-una-ciudad-que-esta-al-borde-de-la-emergencia\/\" \/>\n<meta property=\"og:site_name\" content=\"Armeniahoy\" \/>\n<meta property=\"article:published_time\" content=\"2025-01-11T17:29:01+00:00\" \/>\n<meta property=\"article:modified_time\" content=\"2025-01-11T17:41:01+00:00\" \/>\n<meta property=\"og:image\" content=\"https:\/\/armeniahoy.com\/wp-content\/uploads\/2025\/01\/nune.jpg\" \/>\n\t<meta property=\"og:image:width\" content=\"1440\" \/>\n\t<meta property=\"og:image:height\" content=\"1800\" \/>\n\t<meta property=\"og:image:type\" content=\"image\/jpeg\" \/>\n<meta name=\"author\" content=\"Armeniahoy_admin\" \/>\n<meta name=\"twitter:card\" content=\"summary_large_image\" \/>\n<meta name=\"twitter:label1\" content=\"Written by\" \/>\n\t<meta name=\"twitter:data1\" content=\"Armeniahoy_admin\" \/>\n\t<meta name=\"twitter:label2\" content=\"Estimated reading time\" \/>\n\t<meta name=\"twitter:data2\" content=\"3 minutes\" \/>\n<script type=\"application\/ld+json\" class=\"yoast-schema-graph\">{\"@context\":\"https:\/\/schema.org\",\"@graph\":[{\"@type\":\"WebPage\",\"@id\":\"https:\/\/armeniahoy.com\/index.php\/2025\/01\/11\/nune-arakelyan-a-dia-de-hoy-11-de-enero-la-situacion-en-nuestra-ciudad-es-bastante-tranquila-y-ya-no-es-considerando-una-ciudad-que-esta-al-borde-de-la-emergencia\/\",\"url\":\"https:\/\/armeniahoy.com\/index.php\/2025\/01\/11\/nune-arakelyan-a-dia-de-hoy-11-de-enero-la-situacion-en-nuestra-ciudad-es-bastante-tranquila-y-ya-no-es-considerando-una-ciudad-que-esta-al-borde-de-la-emergencia\/\",\"name\":\"Nune Arakelyan \\\"A d\u00eda de hoy 11 de enero, la situaci\u00f3n en nuestra ciudad es bastante tranquila, y ya no es considerando una ciudad que esta al borde de la emergencia\\\" - Armeniahoy\",\"isPartOf\":{\"@id\":\"https:\/\/armeniahoy.com\/#website\"},\"primaryImageOfPage\":{\"@id\":\"https:\/\/armeniahoy.com\/index.php\/2025\/01\/11\/nune-arakelyan-a-dia-de-hoy-11-de-enero-la-situacion-en-nuestra-ciudad-es-bastante-tranquila-y-ya-no-es-considerando-una-ciudad-que-esta-al-borde-de-la-emergencia\/#primaryimage\"},\"image\":{\"@id\":\"https:\/\/armeniahoy.com\/index.php\/2025\/01\/11\/nune-arakelyan-a-dia-de-hoy-11-de-enero-la-situacion-en-nuestra-ciudad-es-bastante-tranquila-y-ya-no-es-considerando-una-ciudad-que-esta-al-borde-de-la-emergencia\/#primaryimage\"},\"thumbnailUrl\":\"https:\/\/armeniahoy.com\/wp-content\/uploads\/2025\/01\/nune.jpg\",\"datePublished\":\"2025-01-11T17:29:01+00:00\",\"dateModified\":\"2025-01-11T17:41:01+00:00\",\"author\":{\"@id\":\"https:\/\/armeniahoy.com\/#\/schema\/person\/43a6ddf56577bb96aa082771596ed2b8\"},\"breadcrumb\":{\"@id\":\"https:\/\/armeniahoy.com\/index.php\/2025\/01\/11\/nune-arakelyan-a-dia-de-hoy-11-de-enero-la-situacion-en-nuestra-ciudad-es-bastante-tranquila-y-ya-no-es-considerando-una-ciudad-que-esta-al-borde-de-la-emergencia\/#breadcrumb\"},\"inLanguage\":\"en-GB\",\"potentialAction\":[{\"@type\":\"ReadAction\",\"target\":[\"https:\/\/armeniahoy.com\/index.php\/2025\/01\/11\/nune-arakelyan-a-dia-de-hoy-11-de-enero-la-situacion-en-nuestra-ciudad-es-bastante-tranquila-y-ya-no-es-considerando-una-ciudad-que-esta-al-borde-de-la-emergencia\/\"]}]},{\"@type\":\"ImageObject\",\"inLanguage\":\"en-GB\",\"@id\":\"https:\/\/armeniahoy.com\/index.php\/2025\/01\/11\/nune-arakelyan-a-dia-de-hoy-11-de-enero-la-situacion-en-nuestra-ciudad-es-bastante-tranquila-y-ya-no-es-considerando-una-ciudad-que-esta-al-borde-de-la-emergencia\/#primaryimage\",\"url\":\"https:\/\/armeniahoy.com\/wp-content\/uploads\/2025\/01\/nune.jpg\",\"contentUrl\":\"https:\/\/armeniahoy.com\/wp-content\/uploads\/2025\/01\/nune.jpg\",\"width\":1440,\"height\":1800},{\"@type\":\"BreadcrumbList\",\"@id\":\"https:\/\/armeniahoy.com\/index.php\/2025\/01\/11\/nune-arakelyan-a-dia-de-hoy-11-de-enero-la-situacion-en-nuestra-ciudad-es-bastante-tranquila-y-ya-no-es-considerando-una-ciudad-que-esta-al-borde-de-la-emergencia\/#breadcrumb\",\"itemListElement\":[{\"@type\":\"ListItem\",\"position\":1,\"name\":\"Home\",\"item\":\"https:\/\/armeniahoy.com\/\"},{\"@type\":\"ListItem\",\"position\":2,\"name\":\"Nune Arakelyan &#8220;A d\u00eda de hoy 11 de enero, la situaci\u00f3n en nuestra ciudad es bastante tranquila, y ya no es considerando una ciudad que esta al borde de la emergencia&#8221;\"}]},{\"@type\":\"WebSite\",\"@id\":\"https:\/\/armeniahoy.com\/#website\",\"url\":\"https:\/\/armeniahoy.com\/\",\"name\":\"Armeniahoy\",\"description\":\"\",\"potentialAction\":[{\"@type\":\"SearchAction\",\"target\":{\"@type\":\"EntryPoint\",\"urlTemplate\":\"https:\/\/armeniahoy.com\/?s={search_term_string}\"},\"query-input\":{\"@type\":\"PropertyValueSpecification\",\"valueRequired\":true,\"valueName\":\"search_term_string\"}}],\"inLanguage\":\"en-GB\"},{\"@type\":\"Person\",\"@id\":\"https:\/\/armeniahoy.com\/#\/schema\/person\/43a6ddf56577bb96aa082771596ed2b8\",\"name\":\"Armeniahoy_admin\",\"image\":{\"@type\":\"ImageObject\",\"inLanguage\":\"en-GB\",\"@id\":\"https:\/\/armeniahoy.com\/#\/schema\/person\/image\/\",\"url\":\"https:\/\/secure.gravatar.com\/avatar\/1cfeedda9358b4c7ba0966e36afc065f831e834b008a63b630ebd4be3da5e489?s=96&d=mm&r=g\",\"contentUrl\":\"https:\/\/secure.gravatar.com\/avatar\/1cfeedda9358b4c7ba0966e36afc065f831e834b008a63b630ebd4be3da5e489?s=96&d=mm&r=g\",\"caption\":\"Armeniahoy_admin\"},\"sameAs\":[\"https:\/\/armeniahoy.com\"],\"url\":\"https:\/\/armeniahoy.com\/index.php\/author\/armeniahoy_admin\/\"}]}<\/script>\n<!-- \/ Yoast SEO plugin. -->","yoast_head_json":{"title":"Nune Arakelyan \"A d\u00eda de hoy 11 de enero, la situaci\u00f3n en nuestra ciudad es bastante tranquila, y ya no es considerando una ciudad que esta al borde de la emergencia\" - Armeniahoy","robots":{"index":"index","follow":"follow","max-snippet":"max-snippet:-1","max-image-preview":"max-image-preview:large","max-video-preview":"max-video-preview:-1"},"canonical":"https:\/\/armeniahoy.com\/index.php\/2025\/01\/11\/nune-arakelyan-a-dia-de-hoy-11-de-enero-la-situacion-en-nuestra-ciudad-es-bastante-tranquila-y-ya-no-es-considerando-una-ciudad-que-esta-al-borde-de-la-emergencia\/","og_locale":"en_GB","og_type":"article","og_title":"Nune Arakelyan \"A d\u00eda de hoy 11 de enero, la situaci\u00f3n en nuestra ciudad es bastante tranquila, y ya no es considerando una ciudad que esta al borde de la emergencia\" - Armeniahoy","og_description":"El frente en Pacific Palisades lleva ardiendo desde la tarde del martes\u00a0y se ha convertido en \u201cuno de los desastres naturales m\u00e1s destructivos en la historia de Los \u00c1ngeles\u201d, Entrevistamos a Nune Arakelyan Sahakyan miembro de la comunidad armenia de Los \u00c1ngeles. 1 \u00bfD\u00f3nde os encontr\u00e1is en estos momentos ? Vivimos en La Crescenta, el [&hellip;]","og_url":"https:\/\/armeniahoy.com\/index.php\/2025\/01\/11\/nune-arakelyan-a-dia-de-hoy-11-de-enero-la-situacion-en-nuestra-ciudad-es-bastante-tranquila-y-ya-no-es-considerando-una-ciudad-que-esta-al-borde-de-la-emergencia\/","og_site_name":"Armeniahoy","article_published_time":"2025-01-11T17:29:01+00:00","article_modified_time":"2025-01-11T17:41:01+00:00","og_image":[{"width":1440,"height":1800,"url":"https:\/\/armeniahoy.com\/wp-content\/uploads\/2025\/01\/nune.jpg","type":"image\/jpeg"}],"author":"Armeniahoy_admin","twitter_card":"summary_large_image","twitter_misc":{"Written by":"Armeniahoy_admin","Estimated reading time":"3 minutes"},"schema":{"@context":"https:\/\/schema.org","@graph":[{"@type":"WebPage","@id":"https:\/\/armeniahoy.com\/index.php\/2025\/01\/11\/nune-arakelyan-a-dia-de-hoy-11-de-enero-la-situacion-en-nuestra-ciudad-es-bastante-tranquila-y-ya-no-es-considerando-una-ciudad-que-esta-al-borde-de-la-emergencia\/","url":"https:\/\/armeniahoy.com\/index.php\/2025\/01\/11\/nune-arakelyan-a-dia-de-hoy-11-de-enero-la-situacion-en-nuestra-ciudad-es-bastante-tranquila-y-ya-no-es-considerando-una-ciudad-que-esta-al-borde-de-la-emergencia\/","name":"Nune Arakelyan \"A d\u00eda de hoy 11 de enero, la situaci\u00f3n en nuestra ciudad es bastante tranquila, y ya no es considerando una ciudad que esta al borde de la emergencia\" - Armeniahoy","isPartOf":{"@id":"https:\/\/armeniahoy.com\/#website"},"primaryImageOfPage":{"@id":"https:\/\/armeniahoy.com\/index.php\/2025\/01\/11\/nune-arakelyan-a-dia-de-hoy-11-de-enero-la-situacion-en-nuestra-ciudad-es-bastante-tranquila-y-ya-no-es-considerando-una-ciudad-que-esta-al-borde-de-la-emergencia\/#primaryimage"},"image":{"@id":"https:\/\/armeniahoy.com\/index.php\/2025\/01\/11\/nune-arakelyan-a-dia-de-hoy-11-de-enero-la-situacion-en-nuestra-ciudad-es-bastante-tranquila-y-ya-no-es-considerando-una-ciudad-que-esta-al-borde-de-la-emergencia\/#primaryimage"},"thumbnailUrl":"https:\/\/armeniahoy.com\/wp-content\/uploads\/2025\/01\/nune.jpg","datePublished":"2025-01-11T17:29:01+00:00","dateModified":"2025-01-11T17:41:01+00:00","author":{"@id":"https:\/\/armeniahoy.com\/#\/schema\/person\/43a6ddf56577bb96aa082771596ed2b8"},"breadcrumb":{"@id":"https:\/\/armeniahoy.com\/index.php\/2025\/01\/11\/nune-arakelyan-a-dia-de-hoy-11-de-enero-la-situacion-en-nuestra-ciudad-es-bastante-tranquila-y-ya-no-es-considerando-una-ciudad-que-esta-al-borde-de-la-emergencia\/#breadcrumb"},"inLanguage":"en-GB","potentialAction":[{"@type":"ReadAction","target":["https:\/\/armeniahoy.com\/index.php\/2025\/01\/11\/nune-arakelyan-a-dia-de-hoy-11-de-enero-la-situacion-en-nuestra-ciudad-es-bastante-tranquila-y-ya-no-es-considerando-una-ciudad-que-esta-al-borde-de-la-emergencia\/"]}]},{"@type":"ImageObject","inLanguage":"en-GB","@id":"https:\/\/armeniahoy.com\/index.php\/2025\/01\/11\/nune-arakelyan-a-dia-de-hoy-11-de-enero-la-situacion-en-nuestra-ciudad-es-bastante-tranquila-y-ya-no-es-considerando-una-ciudad-que-esta-al-borde-de-la-emergencia\/#primaryimage","url":"https:\/\/armeniahoy.com\/wp-content\/uploads\/2025\/01\/nune.jpg","contentUrl":"https:\/\/armeniahoy.com\/wp-content\/uploads\/2025\/01\/nune.jpg","width":1440,"height":1800},{"@type":"BreadcrumbList","@id":"https:\/\/armeniahoy.com\/index.php\/2025\/01\/11\/nune-arakelyan-a-dia-de-hoy-11-de-enero-la-situacion-en-nuestra-ciudad-es-bastante-tranquila-y-ya-no-es-considerando-una-ciudad-que-esta-al-borde-de-la-emergencia\/#breadcrumb","itemListElement":[{"@type":"ListItem","position":1,"name":"Home","item":"https:\/\/armeniahoy.com\/"},{"@type":"ListItem","position":2,"name":"Nune Arakelyan &#8220;A d\u00eda de hoy 11 de enero, la situaci\u00f3n en nuestra ciudad es bastante tranquila, y ya no es considerando una ciudad que esta al borde de la emergencia&#8221;"}]},{"@type":"WebSite","@id":"https:\/\/armeniahoy.com\/#website","url":"https:\/\/armeniahoy.com\/","name":"Armeniahoy","description":"","potentialAction":[{"@type":"SearchAction","target":{"@type":"EntryPoint","urlTemplate":"https:\/\/armeniahoy.com\/?s={search_term_string}"},"query-input":{"@type":"PropertyValueSpecification","valueRequired":true,"valueName":"search_term_string"}}],"inLanguage":"en-GB"},{"@type":"Person","@id":"https:\/\/armeniahoy.com\/#\/schema\/person\/43a6ddf56577bb96aa082771596ed2b8","name":"Armeniahoy_admin","image":{"@type":"ImageObject","inLanguage":"en-GB","@id":"https:\/\/armeniahoy.com\/#\/schema\/person\/image\/","url":"https:\/\/secure.gravatar.com\/avatar\/1cfeedda9358b4c7ba0966e36afc065f831e834b008a63b630ebd4be3da5e489?s=96&d=mm&r=g","contentUrl":"https:\/\/secure.gravatar.com\/avatar\/1cfeedda9358b4c7ba0966e36afc065f831e834b008a63b630ebd4be3da5e489?s=96&d=mm&r=g","caption":"Armeniahoy_admin"},"sameAs":["https:\/\/armeniahoy.com"],"url":"https:\/\/armeniahoy.com\/index.php\/author\/armeniahoy_admin\/"}]}},"_links":{"self":[{"href":"https:\/\/armeniahoy.com\/index.php\/wp-json\/wp\/v2\/posts\/509","targetHints":{"allow":["GET"]}}],"collection":[{"href":"https:\/\/armeniahoy.com\/index.php\/wp-json\/wp\/v2\/posts"}],"about":[{"href":"https:\/\/armeniahoy.com\/index.php\/wp-json\/wp\/v2\/types\/post"}],"author":[{"embeddable":true,"href":"https:\/\/armeniahoy.com\/index.php\/wp-json\/wp\/v2\/users\/1"}],"replies":[{"embeddable":true,"href":"https:\/\/armeniahoy.com\/index.php\/wp-json\/wp\/v2\/comments?post=509"}],"version-history":[{"count":6,"href":"https:\/\/armeniahoy.com\/index.php\/wp-json\/wp\/v2\/posts\/509\/revisions"}],"predecessor-version":[{"id":517,"href":"https:\/\/armeniahoy.com\/index.php\/wp-json\/wp\/v2\/posts\/509\/revisions\/517"}],"wp:featuredmedia":[{"embeddable":true,"href":"https:\/\/armeniahoy.com\/index.php\/wp-json\/wp\/v2\/media\/510"}],"wp:attachment":[{"href":"https:\/\/armeniahoy.com\/index.php\/wp-json\/wp\/v2\/media?parent=509"}],"wp:term":[{"taxonomy":"category","embeddable":true,"href":"https:\/\/armeniahoy.com\/index.php\/wp-json\/wp\/v2\/categories?post=509"},{"taxonomy":"post_tag","embeddable":true,"href":"https:\/\/armeniahoy.com\/index.php\/wp-json\/wp\/v2\/tags?post=509"}],"curies":[{"name":"wp","href":"https:\/\/api.w.org\/{rel}","templated":true}]}}