{"id":756,"date":"2025-08-04T17:40:12","date_gmt":"2025-08-04T17:40:12","guid":{"rendered":"https:\/\/armeniahoy.com\/?p=756"},"modified":"2025-08-04T17:44:00","modified_gmt":"2025-08-04T17:44:00","slug":"entrevista-cristina-conesa-en-el-diplomatic-world-magazine","status":"publish","type":"post","link":"https:\/\/armeniahoy.com\/index.php\/2025\/08\/04\/entrevista-cristina-conesa-en-el-diplomatic-world-magazine\/","title":{"rendered":"Entrevista a Cristina Conesa en el Diplomatic World Magazine"},"content":{"rendered":"<div class=\"elementor-accordion-item\">\n<div id=\"elementor-tab-title-1201\" class=\"elementor-tab-title elementor-active\" tabindex=\"0\" role=\"button\" data-tab=\"1\" aria-controls=\"elementor-tab-content-1201\" aria-expanded=\"true\" aria-selected=\"true\"><a class=\"elementor-accordion-title\" tabindex=\"0\">Desde su llegada a Armenia, ha tenido la oportunidad de conocer y sumergirse en la rica historia y cultura de este pa\u00eds. \u00bfCu\u00e1les han sido los principales desaf\u00edos que ha enfrentado en su rol como Encargada de Negocios a.i. y qu\u00e9 aspectos de su labor le han resultado m\u00e1s gratificantes hasta ahora?<\/a><\/div>\n<div id=\"elementor-tab-content-1201\" class=\"elementor-tab-content elementor-clearfix elementor-active\" role=\"region\" data-tab=\"1\" aria-labelledby=\"elementor-tab-title-1201\">\n<p>El principal desaf\u00edo ha sido establecer unos contactos y relaciones sobre el terreno sin apenas antecedentes. Con mi llegada a Armenia en septiembre de 2022 se puso en marcha la Antena Diplom\u00e1tica de Espa\u00f1a en Erev\u00e1n, como primera representaci\u00f3n diplom\u00e1tica espa\u00f1ola en el pa\u00eds con car\u00e1cter permanente, dando cumplimiento con ello a lo anunciado por el Ministro de Asuntos Exteriores, Uni\u00f3n Europea y Cooperaci\u00f3n de Espa\u00f1a, Jos\u00e9 Manuel Albares, el anterior a\u00f1o 2021, en l\u00ednea con su deseo de potenciar las relaciones bilaterales entre ambos pa\u00edses.<\/p>\n<p>Enfrentarse a un lienzo en blanco tiene sus dificultades, especialmente cuando no se tienen referencias de puestos previos en el exterior como era mi caso, pero tambi\u00e9n ofrece infinitas posibilidades. Este mismo desaf\u00edo ha sido a su vez lo m\u00e1s gratificante: ver como Espa\u00f1a est\u00e1 m\u00e1s presente que nunca en Armenia en pr\u00e1cticamente todos los \u00e1mbitos (diplom\u00e1tico, cultural \u2013en sentido amplio-, empresarial) es muy satisfactorio.<\/p>\n<p><img decoding=\"async\" src=\"https:\/\/diplomaticworldmagazine.com\/wp-content\/uploads\/2024\/09\/5982381216009139658-1.jpg\" \/><\/p>\n<\/div>\n<\/div>\n<div class=\"elementor-accordion-item\">\n<div id=\"elementor-tab-title-1202\" class=\"elementor-tab-title\" role=\"button\" data-tab=\"2\" aria-controls=\"elementor-tab-content-1202\" aria-expanded=\"false\"><a class=\"elementor-accordion-title\" tabindex=\"0\">Su trayectoria diplom\u00e1tica abarca diversas responsabilidades y destinos. Antes de asumir el cargo en Armenia, \u00bfqu\u00e9 experiencias o aprendizajes de sus anteriores misiones considera que han sido clave para enfrentar con \u00e9xito su actual posici\u00f3n?<\/a><\/div>\n<\/div>\n<div role=\"button\" data-tab=\"2\" aria-controls=\"elementor-tab-content-1202\" aria-expanded=\"false\">\n<p>Todo lo vivido personal y profesionalmente antes de mi incorporaci\u00f3n a este puesto, e incluso antes de mi ingreso en la Carrera Diplom\u00e1tica espa\u00f1ola, tiene un valor incalculable para el ejercicio de mis funciones actuales. Del mismo modo, todas mis experiencias profesionales hasta el momento en Armenia, est\u00e1n suponiendo un aprendizaje a nivel personal.<\/p>\n<p>Sin embargo, es importante resaltar que los resultados que poco a poco vamos alcanzando con nuestro trabajo no hubieran sido posibles de no ser por el enorme inter\u00e9s e incluso me atrever\u00eda a decir pasi\u00f3n, que los armenios sienten por Espa\u00f1a y su cultura, junto con la disposici\u00f3n de las autoridades armenias, en todos sus niveles, centros docentes, culturales y sociales del pa\u00eds, a colaborar y apoyar la labor de la misi\u00f3n en todo lo necesario. Por ello, no podemos si no estar tremendamente agradecidos con la ciudadan\u00eda armenia y sus autoridades por su continuo apoyo en el acercamiento de nuestras sociedades.<\/p>\n<\/div>\n<div role=\"button\" data-tab=\"2\" aria-controls=\"elementor-tab-content-1202\" aria-expanded=\"false\"><\/div>\n<div class=\"elementor-accordion-item\">\n<div id=\"elementor-tab-title-1203\" class=\"elementor-tab-title\" role=\"button\" data-tab=\"3\" aria-controls=\"elementor-tab-content-1203\" aria-expanded=\"false\"><a class=\"elementor-accordion-title\" tabindex=\"0\">A lo largo de los \u00faltimos a\u00f1os, hemos visto un incremento en la cooperaci\u00f3n entre Espa\u00f1a y Armenia en diversas \u00e1reas. \u00bfPodr\u00eda compartir con nosotros cu\u00e1les han sido las principales \u00e1reas de colaboraci\u00f3n y qu\u00e9 proyectos considera como ejemplos destacados de esta relaci\u00f3n bilateral?<\/a><\/div>\n<\/div>\n<div role=\"button\" data-tab=\"3\" aria-controls=\"elementor-tab-content-1203\" aria-expanded=\"false\">\n<p>En primer lugar, la cultura espa\u00f1ola est\u00e1 m\u00e1s presente que nunca en Armenia en pr\u00e1cticamente todas sus dimensiones (pintura, m\u00fasica, danza, literatura, cine) y el aprendizaje y difusi\u00f3n del espa\u00f1ol con nuestra colaboraci\u00f3n activa con los departamentos de espa\u00f1ol de las principales universidades y academias de espa\u00f1ol armenias.<\/p>\n<p>En el \u00e1mbito social, hemos buscado apoyar activamente las labores de sensibilizaci\u00f3n a la poblaci\u00f3n en materia de discapacidad y la lucha contra la violencia contra la mujer, dos grandes prioridades de la pol\u00edtica exterior espa\u00f1ola, apoyando la labor de organismos locales, y esperamos seguir ampliando nuestra presencia en nuevos \u00e1mbitos prioritarios de nuestra acci\u00f3n exterior.<\/p>\n<p>En el \u00e1mbito econ\u00f3mico-empresarial, nuestras empresas comienzan a tener una mayor presencia en el pa\u00eds, particularmente en dos sectores clave:<\/p>\n<p>\u2013\u00a0\u00a0En el sector de infraestructuras, las espa\u00f1olas \u201cLevantina Ingenier\u00eda y Construcci\u00f3n\u201d y \u201cObras P\u00fablicas y Regadios\u201d est\u00e1n construyendo el tramo Ashtarak-Talin de 34 km, del Corredor Vial Norte-Sur en el pa\u00eds, un proyecto estrat\u00e9gico para el armenio. Levantina ya ten\u00eda experiencia previa en la construcci\u00f3n de infraestructuras de carretera en el pa\u00eds.<\/p>\n<p>\u2013 En el \u00e1mbito de las\u00a0energ\u00edas renovables, la espa\u00f1ola Fotowatio Renewable Ventures\u00bb (FRV) est\u00e1 construyendo la mayor planta solar a escala industrial de Armenia. La planta de 55 MW y de nombre de \u201cMasrik-1\u201d, producir\u00e1 suficiente energ\u00eda limpia para alimentar a m\u00e1s de 20.000 hogares y evitar\u00e1 40.000 toneladas de emisiones de carbono al a\u00f1o. Se espera la inauguraci\u00f3n este pr\u00f3ximo mes de noviembre.<\/p>\n<p>La cooperaci\u00f3n bilateral se ha abierto camino tambi\u00e9n en el \u00e1mbito aeroespacial, entre la espa\u00f1ola Satlantis y la estatal armenia \u201cGeocosmos\u201d. Esta cooperaci\u00f3n llev\u00f3 al lanzamiento, en 2022, del primer sat\u00e9lite \u201cUrdaneta-Armsat 1\u201d que provee a Armenia de fotograf\u00edas satelitales empleadas para el control de fronteras, la prevenci\u00f3n y gesti\u00f3n de crisis, la conservaci\u00f3n del medio ambiente, la vigilancia del cambio clim\u00e1tico, la agricultura, la planificaci\u00f3n vial y urbana, etc. Este lanzamiento puede considerarse igualmente un ejemplo significativo de la cooperaci\u00f3n hispano-armenia.<\/p>\n<p>Finalmente, no podemos olvidar la dimensi\u00f3n humanitaria de nuestra cooperaci\u00f3n, y el apoyo mostrado por Espa\u00f1a a las comunidades fronterizas armenias m\u00e1s vulnerables desde 2020, as\u00ed como a las familias desplazadas de sus hogares desde Karabaj este \u00faltimo a\u00f1o a trav\u00e9s de la ayuda humanitaria de nuestra Cooperaci\u00f3n Espa\u00f1ola.<\/p>\n<\/div>\n<div role=\"button\" data-tab=\"3\" aria-controls=\"elementor-tab-content-1203\" aria-expanded=\"false\"><\/div>\n<div class=\"elementor-accordion-item\">\n<div role=\"button\" data-tab=\"3\" aria-controls=\"elementor-tab-content-1203\" aria-expanded=\"false\"><img decoding=\"async\" src=\"https:\/\/diplomaticworldmagazine.com\/wp-content\/uploads\/2024\/09\/5983225125543199226.jpg\" \/><\/div>\n<\/div>\n<div class=\"elementor-accordion-item\">\n<div id=\"elementor-tab-title-1204\" class=\"elementor-tab-title\" role=\"button\" data-tab=\"4\" aria-controls=\"elementor-tab-content-1204\" aria-expanded=\"false\"><a class=\"elementor-accordion-title\" tabindex=\"0\">En t\u00e9rminos de inversi\u00f3n y relaciones comerciales, Armenia presenta un conjunto particular de oportunidades y desaf\u00edos. Desde su experiencia, \u00bfcu\u00e1les son las \u00e1reas que ofrecen mayores oportunidades para las empresas espa\u00f1olas y c\u00f3mo podr\u00eda Espa\u00f1a fortalecer su presencia en el mercado armenio?<\/a><\/div>\n<\/div>\n<div role=\"button\" data-tab=\"4\" aria-controls=\"elementor-tab-content-1204\" aria-expanded=\"false\">\n<p>Existe un mutuo deseo de ampliar la cooperaci\u00f3n econ\u00f3mica y comercial bilateral en sectores de inter\u00e9s para ambos pa\u00edses como son las infraestructuras, la agroindustria, las energ\u00edas renovables o el turismo. Todos ellos son sectores donde Espa\u00f1a tiene un valor a\u00f1adido y contamos con empresas de relevancia internacional con proyectos en todo el mundo. Tambi\u00e9n los sectores de la piedra natural y el equipamiento para ba\u00f1o son sectores de oportunidad para Espa\u00f1a en Armenia.<\/p>\n<p>La Consejer\u00eda Comercial de Espa\u00f1a con residencia en Mosc\u00fa, con competencia tambi\u00e9n en Armenia y otros pa\u00edses de la regi\u00f3n, trabaja precisamente en \u00e9stos y otros \u00e1mbitos, apoyando a las empresas espa\u00f1ola que deseen incorporarse al mercado armenio, en pro del desarrollo comercial y empresarial entre nuestros pa\u00edses.<\/p>\n<p>La clave es aprovechar la ventana de oportunidades que Armenia ofrece en estos momentos, en los que el gobierno armenio busca diversificar y ampliar sus socios internacionales con proyectos estrat\u00e9gicos para el pa\u00eds y lar regi\u00f3n como el proyecto de conectividad \u201cIntersecci\u00f3n de paz\u201d (Crossroads of peace). Sin embargo, es importante tambi\u00e9n aprovechar las oportunidades que ofrece ser parte de la Uni\u00f3n Europea en un momento en el que Armenia busca profundizar su asociaci\u00f3n y cooperaci\u00f3n con el bloque, para abordar los desaf\u00edos socioecon\u00f3micos del pa\u00eds.<\/p>\n<p>Finalmente, es crucial realizar tambi\u00e9n el ejercicio inverso que se desarrolla tanto desde la Consejer\u00eda como desde la Antena, en cada ocasi\u00f3n en la que existe oportunidad y que consiste en explicar las oportunidades de inversi\u00f3n en Espa\u00f1a, principales sectores en auge y mecanismos de facilitaci\u00f3n existentes a trav\u00e9s del ICEX y su programa Invest in Spain, para todas aquellas empresas armenias interesadas en entrar en el mercado espa\u00f1ol, tambi\u00e9n como plataforma de acceso hacia otros mercados m\u00e1s all\u00e1 del comunitario, como es el iberoamericano.<\/p>\n<\/div>\n<div role=\"button\" data-tab=\"4\" aria-controls=\"elementor-tab-content-1204\" aria-expanded=\"false\"><\/div>\n<div class=\"elementor-accordion-item\">\n<div id=\"elementor-tab-title-1205\" class=\"elementor-tab-title\" role=\"button\" data-tab=\"5\" aria-controls=\"elementor-tab-content-1205\" aria-expanded=\"false\"><a class=\"elementor-accordion-title\" tabindex=\"0\">La di\u00e1spora armenia ha jugado un papel crucial en la preservaci\u00f3n de la identidad cultural del pa\u00eds y en el fortalecimiento de las relaciones internacionales. \u00bfC\u00f3mo valora la conexi\u00f3n entre la comunidad armenia en Espa\u00f1a y su pa\u00eds de origen, y de qu\u00e9 manera cree que esta relaci\u00f3n ha contribuido a la consolidaci\u00f3n de los lazos bilaterales entre Espa\u00f1a y Armenia?<\/a><\/div>\n<\/div>\n<div role=\"button\" data-tab=\"5\" aria-controls=\"elementor-tab-content-1205\" aria-expanded=\"false\">Aproximadamente 40.000 personas de origen armenio residen en Espa\u00f1a seg\u00fan los datos que ofrece la Embajada de la Rep\u00fablica de Armenia en Madrid. Se trata, sin duda, de una cifra muy significativa y la profundizaci\u00f3n de nuestras relaciones bilaterales no podr\u00eda explicarse sin la labor que realiza la comunidad de origen armenio en Espa\u00f1a.<\/div>\n<div role=\"button\" data-tab=\"5\" aria-controls=\"elementor-tab-content-1205\" aria-expanded=\"false\">\n<p>Esta comunidad no solo es clave en el acercamiento de Armenia a la sociedad espa\u00f1ola, pero tambi\u00e9n es \u201cembajadora\u201d de su vida y experiencias en Espa\u00f1a, nuestra cultura y valores, en cada viaje que realizan a Armenia, con sus familias y amistades. Su apoyo, y liderazgo en muchos sectores en los que la Antena Diplom\u00e1tica a\u00fan no est\u00e1 presente, es crucial para el acercamiento entre nuestros pa\u00edses, un acercamiento que tambi\u00e9n se desarrolla a trav\u00e9s de plataformas globales como AGBU y Young Profesionals<\/p>\n<\/div>\n<div role=\"button\" data-tab=\"5\" aria-controls=\"elementor-tab-content-1205\" aria-expanded=\"false\"><\/div>\n<div class=\"elementor-accordion-item\">\n<div id=\"elementor-tab-title-1206\" class=\"elementor-tab-title\" role=\"button\" data-tab=\"6\" aria-controls=\"elementor-tab-content-1206\" aria-expanded=\"false\"><a class=\"elementor-accordion-title\" tabindex=\"0\">El intercambio cultural es un pilar fundamental en las relaciones entre Espa\u00f1a y Armenia. \u00bfQu\u00e9 iniciativas ha impulsado o apoyado la Embajada para promover este intercambio y c\u00f3mo han sido recibidas estas iniciativas por la sociedad armenia? \u00bfPodr\u00eda compartir alg\u00fan proyecto cultural que considere particularmente significativo?<\/a><\/div>\n<\/div>\n<div role=\"button\" data-tab=\"6\" aria-controls=\"elementor-tab-content-1206\" aria-expanded=\"false\"><\/div>\n<div role=\"button\" data-tab=\"6\" aria-controls=\"elementor-tab-content-1206\" aria-expanded=\"false\">\n<p>La cultura constituye sin duda un eje fundamental de la labor de la Antena Diplom\u00e1tica y es de los \u00e1mbitos m\u00e1s gratificantes de mi trabajo por la respuesta, tan positiva y agradecida, de la sociedad armenia a cada evento cultural relacionado con Espa\u00f1a que organizamos, por modesto que sea. En este \u00e1mbito, el objetivo de la Antena es no solo explotar aquellos aspectos de nuestra cultura ya conocidos y amados en Armenia, como ocurre con el baile flamenco, sino tambi\u00e9n ampliarlos, con el fin de\u00a0presentar una imagen lo m\u00e1s fiel posible de lo que es Espa\u00f1a.<\/p>\n<p><img decoding=\"async\" src=\"https:\/\/scontent.fbcn7-2.fna.fbcdn.net\/v\/t39.30808-6\/475043302_122189583614137838_2020351464055551541_n.jpg?_nc_cat=101&amp;ccb=1-7&amp;_nc_sid=833d8c&amp;_nc_ohc=4BMsooTWaXIQ7kNvwEhlGxy&amp;_nc_oc=Adm0zUd7OaQurDVVMj6-hNAvigSoT0o46dZsycPRLH1yV7kPSCGRnxoUrq2wmHhwslc&amp;_nc_zt=23&amp;_nc_ht=scontent.fbcn7-2.fna&amp;_nc_gid=ndbXjGO5-psptcV_Z3p3Dg&amp;oh=00_AfVzvkE5EIXm-vgjvRIv_uiXhVKpE1kba20NcveSSGQiSQ&amp;oe=6896C3CA\" alt=\"No hay ninguna descripci\u00f3n de la foto disponible.\" \/><\/p>\n<p>As\u00ed, la cultura espa\u00f1ola ha estado m\u00e1s presente que nunca en Armenia estos \u00faltimos dos a\u00f1os, y en \u00e1mbitos nunca antes vistos: m\u00fasica, bailes y danzas regionales, arte, gastronom\u00eda, cine, literatura, etc. Espa\u00f1a colabora ahora activamente con los departamentos de espa\u00f1ol de las principales universidades y academias de espa\u00f1ol, con las que buscamos potenciar el aprendizaje y el uso espa\u00f1ol en el pa\u00eds, ello, en la medida de lo posible, con la cooperaci\u00f3n del resto de Embajadas y oficinas diplom\u00e1ticas iberoamericanas presentes en Erev\u00e1n, con el fin de unir esfuerzos en la promoci\u00f3n de nuestro idioma com\u00fan.<\/p>\n<p>Es complicado escoger un solo proyecto, pero creo que un proyecto significativo por su impacto, y continuaci\u00f3n en el tiempo es el club de conversaci\u00f3n de espa\u00f1ol, inaugurado el pasado 23 de abril, con ocasi\u00f3n del D\u00eda Internacional del Espa\u00f1ol, y que ha sido acogido muy positivamente por los estudiantes de espa\u00f1ol, no solo armenios sino tambi\u00e9n extranjeros residentes en el pa\u00eds. Se trata de un club en el que nos reunimos semanalmente para conversar y debatir durante hora y media sobre temas diversos, relacionados con Espa\u00f1a, Armenia, o de actualidad internacional. En la medida de lo posible, procuro adem\u00e1s invitar al club a aquellos artistas o personalidades que se encuentren en el pa\u00eds en el marco de otras actividades culturales que organicemos, aprovechando su estancia y dando as\u00ed la oportunidad a los asistentes de escucharles y conversar personalmente con ellos, aportando un valor a\u00f1adido al club.<\/p>\n<p>Pero perm\u00edtame mencionar otro proyecto, \u00e9ste de \u00edndole deportivo, que ha sido un \u00e9xito este verano. Me refiero al campamento de tenis de verano organizado gracias a los esfuerzos conjuntos de la iniciativa armenia \u201cVen al Pueblo, Hay Vida Aqu\u00ed\u201d, la Federaci\u00f3n Armenia de Tenis y esta oficina. Un campamento de dos meses de verano, gratuito, para que veinte ni\u00f1os de distintas comunidades de la regi\u00f3n de Ararat tuvieran la oportunidad de conocer este deporte, accesible principalmente en la capital \u00fanicamente por falta de instalaciones en otras regiones. Como extenista, ver a ni\u00f1os de entre 8 y 12 a\u00f1os practicar este deporte por primera vez y venir cada semana con tanta ilusi\u00f3n al club, ha sido realmente gratificante. El siguiente paso ahora, es construir una pista de tenis en la regi\u00f3n, en la comunidad de Artashat, la m\u00e1s accesible desde otros puntos de la regi\u00f3n de Ararat.<\/p>\n<\/div>\n<div class=\"elementor-accordion-item\">\n<div id=\"elementor-tab-title-1207\" class=\"elementor-tab-title\" role=\"button\" data-tab=\"7\" aria-controls=\"elementor-tab-content-1207\" aria-expanded=\"false\"><a class=\"elementor-accordion-title\" tabindex=\"0\">Armenia, con su riqueza natural y cultural, est\u00e1 emergiendo como un destino tur\u00edstico de inter\u00e9s. Para los espa\u00f1oles que a\u00fan no conocen el pa\u00eds, \u00bfqu\u00e9 aspectos o lugares les recomendar\u00eda visitar para experimentar la verdadera esencia de Armenia?<\/a><\/div>\n<\/div>\n<div role=\"button\" data-tab=\"7\" aria-controls=\"elementor-tab-content-1207\" aria-expanded=\"false\"><\/div>\n<div role=\"button\" data-tab=\"7\" aria-controls=\"elementor-tab-content-1207\" aria-expanded=\"false\">\n<p>Armenia es historia antigua, es \u201cla isla de la cristiandad\u201d como quiso llamar Montserrat Caball\u00e9 a su disco que re\u00fane sus m\u00faltiples conciertos, all\u00e1 por 2023, en este pa\u00eds cauc\u00e1sico que tanto la enamor\u00f3. Armenia es la energ\u00eda y uni\u00f3n de su pueblo a trav\u00e9s de su m\u00fasica y danzas tradicionales populares, y son sus gentes, con una hospitalidad incomparable y una gastronom\u00eda natural y sabrosa.<\/p>\n<p>La capital, con m\u00e1s de 2800 a\u00f1os de antig\u00fcedad, se caracteriza por su arquitectura sovi\u00e9tica, sus fuentes musicales luminosas, sus edificios de toba rosada, su mercado de artesan\u00eda, sus museos y su oferta cultural, gastron\u00f3mica y de ocio; una ciudad viva para recorrer caminando.<\/p>\n<p>Al noreste, el Lago Sev\u00e1n, el lago de agua dulce m\u00e1s grande de este peque\u00f1o Estado sin litoral, y su pen\u00ednsula donde se encuentra el Monasterio Sevanavank del siglo IX, con unas vistas preciosas del lago, que parece casi infinito.<\/p>\n<p>M\u00e1s al norte, la incre\u00edble regi\u00f3n de Tavush, famosa por su aire fresco, dicen, con propiedades curativas, y Lorri, ambas con su naturaleza de bosques densos y monta\u00f1as grandes.<\/p>\n<p>Al noroeste, la regi\u00f3n de Shirak, cuya capital, Gyumri, segunda ciudad m\u00e1s poblada de Armenia, posee una arquitectura \u00fanica, con sus bajos edificios de toba negra, sus locales hist\u00f3ricos y emblem\u00e1ticos, como la barber\u00eda m\u00e1s antigua del pa\u00eds. Una ciudad definida por su historia y pertenencia a m\u00faltiples imperios y sus muchos desaf\u00edos, entre ellos, un devastador terremoto de 1988 que oblig\u00f3 a los gumretsis a levantarse y renacer, y hacer de su ciudad lo que hoy es.<\/p>\n<p>En el centro las regiones Armavir, Aragotson, Ararat y hacia el sur Vayots Dzor, las regiones vin\u00edcolas por excelencia del pa\u00eds. El vino armenio no es tan conocido como su brandy pero muchos afirman que en este pa\u00eds se descubri\u00f3 una de las primeras \u201cbodegas\u201d del mundo, en la cueva de Areni, hace supuestamente hace seis mil a\u00f1os.<\/p>\n<p>Finalmente, la incre\u00edble regi\u00f3n sur de Syunik, que incluye las preciosas ciudades de Sisian, Goris, Kapan o Meghri. Una de las regiones m\u00e1s cautivadoras de Armenia tanto por su naturaleza como por sus monumentos hist\u00f3rico-arquitect\u00f3nicos con hermosas vistas&lt;.<\/p>\n<\/div>\n<div role=\"button\" data-tab=\"7\" aria-controls=\"elementor-tab-content-1207\" aria-expanded=\"false\"><\/div>\n<div class=\"elementor-accordion-item\">\n<div id=\"elementor-tab-title-1208\" class=\"elementor-tab-title\" role=\"button\" data-tab=\"8\" aria-controls=\"elementor-tab-content-1208\" aria-expanded=\"false\"><a class=\"elementor-accordion-title\" tabindex=\"0\">Armenia ha atravesado momentos dif\u00edciles en los \u00faltimos a\u00f1os, lo que ha requerido de una respuesta diplom\u00e1tica efectiva y solidaria. \u00bfC\u00f3mo ha trabajado la Embajada de Espa\u00f1a en Armenia para apoyar a los ciudadanos espa\u00f1oles residentes en el pa\u00eds y para contribuir a la resiliencia y bienestar de la comunidad local en estos tiempos complicados?<\/a><\/div>\n<\/div>\n<div role=\"button\" data-tab=\"8\" aria-controls=\"elementor-tab-content-1208\" aria-expanded=\"false\">\n<p>Efectivamente, la presencia de Ayuda Humanitaria y Cooperaci\u00f3n Espa\u00f1ola en Armenia estos \u00faltimos a\u00f1os constituye tambi\u00e9n un hito en nuestras relaciones bilaterales, y la Antena, y yo personalmente, estamos en constante contacto con la sociedad espa\u00f1ola residente en Erev\u00e1n para apoyarles en caso necesario. Desde aqu\u00ed apoyo por tanto la labor del Consulado General de Espa\u00f1a en Mosc\u00fa, con competencias consulares tambi\u00e9n en Armenia, en caso de emergencia.<\/p>\n<p>En cuanto al apoyo a la poblaci\u00f3n local estos \u00faltimos a\u00f1os, ha sido m\u00faltiple. La Agencia Espa\u00f1ola de Cooperaci\u00f3n y Desarrollo est\u00e1 presente en Armenia desde comienzos de 2023 y ha desarrollado proyectos de apoyo a las personas desplazadas por la guerra en 2020 tanto en la regi\u00f3n armenia de Syunik, a trav\u00e9s de la ONG Acci\u00f3n Contra el Hambre, garantizando sus medios de vida, mediante la transferencia de efectivo y asistencia psicol\u00f3gica, como en comunidades fronterizas espec\u00edficas especialmente vulnerables, como Tegh y Jermuk, a trav\u00e9s de C\u00e1ritas Armenia.<\/p>\n<p>Adem\u00e1s de esto, en octubre de 2023, el Ministro de Asuntos Exteriores, Uni\u00f3n Europea y Cooperaci\u00f3n de Espa\u00f1a, Jos\u00e9 Manuel Albares, anunci\u00f3\u00a0una contribuci\u00f3n adicional de 1 mill\u00f3n de euros de la Agencia Espa\u00f1ola de Cooperaci\u00f3n al Desarrollo, AECID, gestionados a trav\u00e9s de Cruz Roja Internacional, destinados a paliar la situaci\u00f3n de la poblaci\u00f3n armenia desplazada de Karabaj.<\/p>\n<p>Este apoyo ha continuado a trav\u00e9s de otros organismos multilaterales, como ACNUR Armenia, que me traslad\u00f3 personalmente el agradecimiento del organismo al gobierno espa\u00f1ol y la sociedad espa\u00f1ola y sector privado, por su generosa contribuci\u00f3n al Plan de Respuesta de Emergencia del organismo para este 2024.<\/p>\n<p>Finalmente, Espa\u00f1a ha colaborado tambi\u00e9n a trav\u00e9s de los mecanismos comunitarios activados por el gobierno armenio en este \u00faltimo a\u00f1o: en primer lugar, con el tratamiento en Espa\u00f1a de pacientes procedentes de Karabaj, quemados en la terrible explosi\u00f3n de septiembre de 2023, a trav\u00e9s del programa rescEU \u201cMEDEVAC\u201d; en segundo, con el env\u00edo de un grupo de arquitectos e ingenieros espa\u00f1oles a trav\u00e9s del \u201cMecanismo Europeo de Protecci\u00f3n Civil\u201d, que viajaron a Armenia para evaluar las necesidades log\u00edsticas tras la destrucci\u00f3n de infraestructuras causada por las fuertes lluvias e inundaciones que arrasaron el norte del pa\u00eds el pasado mes de mayo.<\/p>\n<\/div>\n<div role=\"button\" data-tab=\"8\" aria-controls=\"elementor-tab-content-1208\" aria-expanded=\"false\"><\/div>\n<div class=\"elementor-accordion-item\">\n<div id=\"elementor-tab-title-1209\" class=\"elementor-tab-title\" role=\"button\" data-tab=\"9\" aria-controls=\"elementor-tab-content-1209\" aria-expanded=\"false\"><a class=\"elementor-accordion-title\" tabindex=\"0\">Como mujer que ocupa un cargo de liderazgo en la diplomacia, su trayectoria es inspiradora para muchas j\u00f3venes que aspiran a seguir una carrera en este campo. \u00bfQu\u00e9 consejo les dar\u00eda a las mujeres j\u00f3venes que desean dedicarse a la diplomacia o a las relaciones internacionales?<\/a><\/div>\n<\/div>\n<div role=\"button\" data-tab=\"9\" aria-controls=\"elementor-tab-content-1209\" aria-expanded=\"false\"><\/div>\n<div role=\"button\" data-tab=\"9\" aria-controls=\"elementor-tab-content-1209\" aria-expanded=\"false\">\n<p>Muchas gracias por esas palabras. A esas chicas j\u00f3venes que desean dedicarse a la diplomacia o las relaciones internacionales yo les dir\u00eda que, si sienten esa vocaci\u00f3n de servicio p\u00fablico hacia su pa\u00eds, esa intenci\u00f3n de defender sus intereses en el extranjero y trabajar por tender puentes entre sociedades, no hay profesi\u00f3n m\u00e1s bonita que \u00e9sta para hacerlo. El regalo de poder vivir m\u00faltiples vidas en una sola y la oportunidad que ofrece la diplomacia para realizar trabajos tan diversos como los que hace un diplom\u00e1tico, dentro de una misma carrera,<\/p>\n<p>Ahora bien, es importante tener en cuenta que \u00e9sta es una carrera sacrificada, donde las salidas al exterior son forzosas, con los desaf\u00edos que eso conlleva, estando lejos de tu patria, amistades y en muchas ocasiones, de tu familia.<\/p>\n<p><img decoding=\"async\" src=\"https:\/\/scontent.fbcn7-3.fna.fbcdn.net\/v\/t39.30808-6\/459237923_17878755516136353_1248363800507207361_n.jpg?stp=cp6_dst-jpegr_tt6&amp;_nc_cat=109&amp;ccb=1-7&amp;_nc_sid=127cfc&amp;_nc_ohc=N56Lr3ro6MMQ7kNvwEOKI05&amp;_nc_oc=AdmgCfjVfETHcn3L-kUDcRyzHCtMg761rbzwo_lUS7VU0XEPjcFTbprGdqbX_jE-WFw&amp;_nc_zt=23&amp;se=-1&amp;_nc_ht=scontent.fbcn7-3.fna&amp;_nc_gid=-QgyA-dtyqF7Npt2iz2G2g&amp;oh=00_AfVgp89eDx5Qgrx9Ujz8fnTxRsZqV1QMBQvFdfOp3V5m_A&amp;oe=6896BABD\" alt=\"No hay ninguna descripci\u00f3n de la foto disponible.\" \/><\/p>\n<p>Algo que a mi personalmente me ayud\u00f3 mucho fue conocer a otras compa\u00f1eras mujeres diplom\u00e1ticas, con diversas carreras y antig\u00fcedades, y hacerles todas las preguntas posibles sobre los temas que me preocupaban, a modo de Mentor\u00edas. Tuve esa maravillosa oportunidad al haber formado parte de la Junta Directiva fundadora de la Asociaci\u00f3n de Mujeres Diplom\u00e1ticas Espa\u00f1olas.<\/p>\n<\/div>\n<div class=\"elementor-accordion-item\">\n<div id=\"elementor-tab-title-12010\" class=\"elementor-tab-title\" role=\"button\" data-tab=\"10\" aria-controls=\"elementor-tab-content-12010\" aria-expanded=\"false\"><a class=\"elementor-accordion-title\" tabindex=\"0\">Para concluir, mirando hacia el futuro, \u00bfqu\u00e9 expectativas tiene sobre la evoluci\u00f3n de las relaciones entre Espa\u00f1a y Armenia? \u00bfHay alguna meta o proyecto espec\u00edfico que le gustar\u00eda ver realizado durante su mandato en Armenia, y c\u00f3mo espera que estas relaciones se desarrollen en los pr\u00f3ximos a\u00f1os?<\/a><\/div>\n<\/div>\n<div role=\"button\" data-tab=\"10\" aria-controls=\"elementor-tab-content-12010\" aria-expanded=\"false\">\n<p>Existe un inter\u00e9s mutuo en profundizar las relaciones bilaterales. La decisi\u00f3n de establecer una presencia diplom\u00e1tica permanente con la apertura de la Antena Diplom\u00e1tica de Espa\u00f1a en Erev\u00e1n, en 2022, fue un paso decisivo que puso de manifiesto la intenci\u00f3n de relanzar unas relaciones que se encuentran por debajo de su enorme potencial; un potencial por el que se trabajar\u00e1 no s\u00f3lo a nivel bilateral sino tambi\u00e9n a trav\u00e9s de nuestros socios de la Uni\u00f3n Europea, en el marco de la Asociaci\u00f3n Oriental.<\/p>\n<p>Ahora lo importante es seguir trabajando en esa direcci\u00f3n: continuar buscando oportunidades para nuestras empresas y trabajar por una mayor interlocuci\u00f3n entre nuestras instituciones con visitas de alto nivel. Todo ello, sin dejar de lado el acercamiento de nuestras sociedades a trav\u00e9s de la promoci\u00f3n de Espa\u00f1a y el espa\u00f1ol en el pa\u00eds.<\/p>\n<p>Tenemos lo imprescindible: la cercan\u00eda, la simpat\u00eda mutua, la voluntad, valores compartidos y ahora, con la apertura de la oficina permanente de Espa\u00f1a, un apoyo m\u00e1s: pero es la uni\u00f3n entre los pueblos el motor fundamental de cualquier relaci\u00f3n; sin \u00e9sta, ninguna pol\u00edtica podr\u00e1 jam\u00e1s desarrollarse de forma plena.<\/p>\n<\/div>\n<div class=\"elementor-accordion-item\">\n<div role=\"button\" data-tab=\"10\" aria-controls=\"elementor-tab-content-12010\" aria-expanded=\"false\">Fuente: <a href=\"https:\/\/diplomaticworldmagazine.com\/entrevista-cristina-conesa\/\">Entrevista Cristina Conesa &#8211; Diplomatic World Magazine<\/a><\/div>\n<div role=\"button\" data-tab=\"10\" aria-controls=\"elementor-tab-content-12010\" aria-expanded=\"false\"><img decoding=\"async\" src=\"https:\/\/diplomaticworldmagazine.com\/wp-content\/uploads\/2024\/09\/5983225125543199218.jpg\" \/><\/div>\n<\/div>\n","protected":false},"excerpt":{"rendered":"<p>Desde su llegada a Armenia, ha tenido la oportunidad de conocer y sumergirse en la rica historia y cultura de este pa\u00eds. \u00bfCu\u00e1les han sido los principales desaf\u00edos que ha enfrentado en su rol como Encargada de Negocios a.i. y qu\u00e9 aspectos de su labor le han resultado m\u00e1s gratificantes hasta ahora? El principal desaf\u00edo [&hellip;]<\/p>\n","protected":false},"author":1,"featured_media":757,"comment_status":"open","ping_status":"open","sticky":false,"template":"","format":"standard","meta":{"tdm_status":"","tdm_grid_status":"","footnotes":""},"categories":[15,17,13],"tags":[],"class_list":["post-756","post","type-post","status-publish","format-standard","has-post-thumbnail","hentry","category-cultura","category-economia","category-politica"],"yoast_head":"<!-- This site is optimized with the Yoast SEO plugin v23.5 - https:\/\/yoast.com\/wordpress\/plugins\/seo\/ -->\n<title>Entrevista a Cristina Conesa en el Diplomatic World Magazine - Armeniahoy<\/title>\n<meta name=\"robots\" content=\"index, follow, max-snippet:-1, max-image-preview:large, max-video-preview:-1\" \/>\n<link rel=\"canonical\" href=\"https:\/\/armeniahoy.com\/index.php\/2025\/08\/04\/entrevista-cristina-conesa-en-el-diplomatic-world-magazine\/\" \/>\n<meta property=\"og:locale\" content=\"en_GB\" \/>\n<meta property=\"og:type\" content=\"article\" \/>\n<meta property=\"og:title\" content=\"Entrevista a Cristina Conesa en el Diplomatic World Magazine - Armeniahoy\" \/>\n<meta property=\"og:description\" content=\"Desde su llegada a Armenia, ha tenido la oportunidad de conocer y sumergirse en la rica historia y cultura de este pa\u00eds. \u00bfCu\u00e1les han sido los principales desaf\u00edos que ha enfrentado en su rol como Encargada de Negocios a.i. y qu\u00e9 aspectos de su labor le han resultado m\u00e1s gratificantes hasta ahora? El principal desaf\u00edo [&hellip;]\" \/>\n<meta property=\"og:url\" content=\"https:\/\/armeniahoy.com\/index.php\/2025\/08\/04\/entrevista-cristina-conesa-en-el-diplomatic-world-magazine\/\" \/>\n<meta property=\"og:site_name\" content=\"Armeniahoy\" \/>\n<meta property=\"article:published_time\" content=\"2025-08-04T17:40:12+00:00\" \/>\n<meta property=\"article:modified_time\" content=\"2025-08-04T17:44:00+00:00\" \/>\n<meta property=\"og:image\" content=\"https:\/\/armeniahoy.com\/wp-content\/uploads\/2025\/08\/cristina-erevan.jpg\" \/>\n\t<meta property=\"og:image:width\" content=\"960\" \/>\n\t<meta property=\"og:image:height\" content=\"1200\" \/>\n\t<meta property=\"og:image:type\" content=\"image\/jpeg\" \/>\n<meta name=\"author\" content=\"Armeniahoy_admin\" \/>\n<meta name=\"twitter:card\" content=\"summary_large_image\" \/>\n<meta name=\"twitter:label1\" content=\"Written by\" \/>\n\t<meta name=\"twitter:data1\" content=\"Armeniahoy_admin\" \/>\n\t<meta name=\"twitter:label2\" content=\"Estimated reading time\" \/>\n\t<meta name=\"twitter:data2\" content=\"16 minutes\" \/>\n<script type=\"application\/ld+json\" class=\"yoast-schema-graph\">{\"@context\":\"https:\/\/schema.org\",\"@graph\":[{\"@type\":\"WebPage\",\"@id\":\"https:\/\/armeniahoy.com\/index.php\/2025\/08\/04\/entrevista-cristina-conesa-en-el-diplomatic-world-magazine\/\",\"url\":\"https:\/\/armeniahoy.com\/index.php\/2025\/08\/04\/entrevista-cristina-conesa-en-el-diplomatic-world-magazine\/\",\"name\":\"Entrevista a Cristina Conesa en el Diplomatic World Magazine - Armeniahoy\",\"isPartOf\":{\"@id\":\"https:\/\/armeniahoy.com\/#website\"},\"primaryImageOfPage\":{\"@id\":\"https:\/\/armeniahoy.com\/index.php\/2025\/08\/04\/entrevista-cristina-conesa-en-el-diplomatic-world-magazine\/#primaryimage\"},\"image\":{\"@id\":\"https:\/\/armeniahoy.com\/index.php\/2025\/08\/04\/entrevista-cristina-conesa-en-el-diplomatic-world-magazine\/#primaryimage\"},\"thumbnailUrl\":\"https:\/\/armeniahoy.com\/wp-content\/uploads\/2025\/08\/cristina-erevan.jpg\",\"datePublished\":\"2025-08-04T17:40:12+00:00\",\"dateModified\":\"2025-08-04T17:44:00+00:00\",\"author\":{\"@id\":\"https:\/\/armeniahoy.com\/#\/schema\/person\/43a6ddf56577bb96aa082771596ed2b8\"},\"breadcrumb\":{\"@id\":\"https:\/\/armeniahoy.com\/index.php\/2025\/08\/04\/entrevista-cristina-conesa-en-el-diplomatic-world-magazine\/#breadcrumb\"},\"inLanguage\":\"en-GB\",\"potentialAction\":[{\"@type\":\"ReadAction\",\"target\":[\"https:\/\/armeniahoy.com\/index.php\/2025\/08\/04\/entrevista-cristina-conesa-en-el-diplomatic-world-magazine\/\"]}]},{\"@type\":\"ImageObject\",\"inLanguage\":\"en-GB\",\"@id\":\"https:\/\/armeniahoy.com\/index.php\/2025\/08\/04\/entrevista-cristina-conesa-en-el-diplomatic-world-magazine\/#primaryimage\",\"url\":\"https:\/\/armeniahoy.com\/wp-content\/uploads\/2025\/08\/cristina-erevan.jpg\",\"contentUrl\":\"https:\/\/armeniahoy.com\/wp-content\/uploads\/2025\/08\/cristina-erevan.jpg\",\"width\":960,\"height\":1200},{\"@type\":\"BreadcrumbList\",\"@id\":\"https:\/\/armeniahoy.com\/index.php\/2025\/08\/04\/entrevista-cristina-conesa-en-el-diplomatic-world-magazine\/#breadcrumb\",\"itemListElement\":[{\"@type\":\"ListItem\",\"position\":1,\"name\":\"Home\",\"item\":\"https:\/\/armeniahoy.com\/\"},{\"@type\":\"ListItem\",\"position\":2,\"name\":\"Entrevista a Cristina Conesa en el Diplomatic World Magazine\"}]},{\"@type\":\"WebSite\",\"@id\":\"https:\/\/armeniahoy.com\/#website\",\"url\":\"https:\/\/armeniahoy.com\/\",\"name\":\"Armeniahoy\",\"description\":\"\",\"potentialAction\":[{\"@type\":\"SearchAction\",\"target\":{\"@type\":\"EntryPoint\",\"urlTemplate\":\"https:\/\/armeniahoy.com\/?s={search_term_string}\"},\"query-input\":{\"@type\":\"PropertyValueSpecification\",\"valueRequired\":true,\"valueName\":\"search_term_string\"}}],\"inLanguage\":\"en-GB\"},{\"@type\":\"Person\",\"@id\":\"https:\/\/armeniahoy.com\/#\/schema\/person\/43a6ddf56577bb96aa082771596ed2b8\",\"name\":\"Armeniahoy_admin\",\"image\":{\"@type\":\"ImageObject\",\"inLanguage\":\"en-GB\",\"@id\":\"https:\/\/armeniahoy.com\/#\/schema\/person\/image\/\",\"url\":\"https:\/\/secure.gravatar.com\/avatar\/1cfeedda9358b4c7ba0966e36afc065f831e834b008a63b630ebd4be3da5e489?s=96&d=mm&r=g\",\"contentUrl\":\"https:\/\/secure.gravatar.com\/avatar\/1cfeedda9358b4c7ba0966e36afc065f831e834b008a63b630ebd4be3da5e489?s=96&d=mm&r=g\",\"caption\":\"Armeniahoy_admin\"},\"sameAs\":[\"https:\/\/armeniahoy.com\"],\"url\":\"https:\/\/armeniahoy.com\/index.php\/author\/armeniahoy_admin\/\"}]}<\/script>\n<!-- \/ Yoast SEO plugin. -->","yoast_head_json":{"title":"Entrevista a Cristina Conesa en el Diplomatic World Magazine - Armeniahoy","robots":{"index":"index","follow":"follow","max-snippet":"max-snippet:-1","max-image-preview":"max-image-preview:large","max-video-preview":"max-video-preview:-1"},"canonical":"https:\/\/armeniahoy.com\/index.php\/2025\/08\/04\/entrevista-cristina-conesa-en-el-diplomatic-world-magazine\/","og_locale":"en_GB","og_type":"article","og_title":"Entrevista a Cristina Conesa en el Diplomatic World Magazine - Armeniahoy","og_description":"Desde su llegada a Armenia, ha tenido la oportunidad de conocer y sumergirse en la rica historia y cultura de este pa\u00eds. \u00bfCu\u00e1les han sido los principales desaf\u00edos que ha enfrentado en su rol como Encargada de Negocios a.i. y qu\u00e9 aspectos de su labor le han resultado m\u00e1s gratificantes hasta ahora? El principal desaf\u00edo [&hellip;]","og_url":"https:\/\/armeniahoy.com\/index.php\/2025\/08\/04\/entrevista-cristina-conesa-en-el-diplomatic-world-magazine\/","og_site_name":"Armeniahoy","article_published_time":"2025-08-04T17:40:12+00:00","article_modified_time":"2025-08-04T17:44:00+00:00","og_image":[{"width":960,"height":1200,"url":"https:\/\/armeniahoy.com\/wp-content\/uploads\/2025\/08\/cristina-erevan.jpg","type":"image\/jpeg"}],"author":"Armeniahoy_admin","twitter_card":"summary_large_image","twitter_misc":{"Written by":"Armeniahoy_admin","Estimated reading time":"16 minutes"},"schema":{"@context":"https:\/\/schema.org","@graph":[{"@type":"WebPage","@id":"https:\/\/armeniahoy.com\/index.php\/2025\/08\/04\/entrevista-cristina-conesa-en-el-diplomatic-world-magazine\/","url":"https:\/\/armeniahoy.com\/index.php\/2025\/08\/04\/entrevista-cristina-conesa-en-el-diplomatic-world-magazine\/","name":"Entrevista a Cristina Conesa en el Diplomatic World Magazine - Armeniahoy","isPartOf":{"@id":"https:\/\/armeniahoy.com\/#website"},"primaryImageOfPage":{"@id":"https:\/\/armeniahoy.com\/index.php\/2025\/08\/04\/entrevista-cristina-conesa-en-el-diplomatic-world-magazine\/#primaryimage"},"image":{"@id":"https:\/\/armeniahoy.com\/index.php\/2025\/08\/04\/entrevista-cristina-conesa-en-el-diplomatic-world-magazine\/#primaryimage"},"thumbnailUrl":"https:\/\/armeniahoy.com\/wp-content\/uploads\/2025\/08\/cristina-erevan.jpg","datePublished":"2025-08-04T17:40:12+00:00","dateModified":"2025-08-04T17:44:00+00:00","author":{"@id":"https:\/\/armeniahoy.com\/#\/schema\/person\/43a6ddf56577bb96aa082771596ed2b8"},"breadcrumb":{"@id":"https:\/\/armeniahoy.com\/index.php\/2025\/08\/04\/entrevista-cristina-conesa-en-el-diplomatic-world-magazine\/#breadcrumb"},"inLanguage":"en-GB","potentialAction":[{"@type":"ReadAction","target":["https:\/\/armeniahoy.com\/index.php\/2025\/08\/04\/entrevista-cristina-conesa-en-el-diplomatic-world-magazine\/"]}]},{"@type":"ImageObject","inLanguage":"en-GB","@id":"https:\/\/armeniahoy.com\/index.php\/2025\/08\/04\/entrevista-cristina-conesa-en-el-diplomatic-world-magazine\/#primaryimage","url":"https:\/\/armeniahoy.com\/wp-content\/uploads\/2025\/08\/cristina-erevan.jpg","contentUrl":"https:\/\/armeniahoy.com\/wp-content\/uploads\/2025\/08\/cristina-erevan.jpg","width":960,"height":1200},{"@type":"BreadcrumbList","@id":"https:\/\/armeniahoy.com\/index.php\/2025\/08\/04\/entrevista-cristina-conesa-en-el-diplomatic-world-magazine\/#breadcrumb","itemListElement":[{"@type":"ListItem","position":1,"name":"Home","item":"https:\/\/armeniahoy.com\/"},{"@type":"ListItem","position":2,"name":"Entrevista a Cristina Conesa en el Diplomatic World Magazine"}]},{"@type":"WebSite","@id":"https:\/\/armeniahoy.com\/#website","url":"https:\/\/armeniahoy.com\/","name":"Armeniahoy","description":"","potentialAction":[{"@type":"SearchAction","target":{"@type":"EntryPoint","urlTemplate":"https:\/\/armeniahoy.com\/?s={search_term_string}"},"query-input":{"@type":"PropertyValueSpecification","valueRequired":true,"valueName":"search_term_string"}}],"inLanguage":"en-GB"},{"@type":"Person","@id":"https:\/\/armeniahoy.com\/#\/schema\/person\/43a6ddf56577bb96aa082771596ed2b8","name":"Armeniahoy_admin","image":{"@type":"ImageObject","inLanguage":"en-GB","@id":"https:\/\/armeniahoy.com\/#\/schema\/person\/image\/","url":"https:\/\/secure.gravatar.com\/avatar\/1cfeedda9358b4c7ba0966e36afc065f831e834b008a63b630ebd4be3da5e489?s=96&d=mm&r=g","contentUrl":"https:\/\/secure.gravatar.com\/avatar\/1cfeedda9358b4c7ba0966e36afc065f831e834b008a63b630ebd4be3da5e489?s=96&d=mm&r=g","caption":"Armeniahoy_admin"},"sameAs":["https:\/\/armeniahoy.com"],"url":"https:\/\/armeniahoy.com\/index.php\/author\/armeniahoy_admin\/"}]}},"_links":{"self":[{"href":"https:\/\/armeniahoy.com\/index.php\/wp-json\/wp\/v2\/posts\/756","targetHints":{"allow":["GET"]}}],"collection":[{"href":"https:\/\/armeniahoy.com\/index.php\/wp-json\/wp\/v2\/posts"}],"about":[{"href":"https:\/\/armeniahoy.com\/index.php\/wp-json\/wp\/v2\/types\/post"}],"author":[{"embeddable":true,"href":"https:\/\/armeniahoy.com\/index.php\/wp-json\/wp\/v2\/users\/1"}],"replies":[{"embeddable":true,"href":"https:\/\/armeniahoy.com\/index.php\/wp-json\/wp\/v2\/comments?post=756"}],"version-history":[{"count":2,"href":"https:\/\/armeniahoy.com\/index.php\/wp-json\/wp\/v2\/posts\/756\/revisions"}],"predecessor-version":[{"id":759,"href":"https:\/\/armeniahoy.com\/index.php\/wp-json\/wp\/v2\/posts\/756\/revisions\/759"}],"wp:featuredmedia":[{"embeddable":true,"href":"https:\/\/armeniahoy.com\/index.php\/wp-json\/wp\/v2\/media\/757"}],"wp:attachment":[{"href":"https:\/\/armeniahoy.com\/index.php\/wp-json\/wp\/v2\/media?parent=756"}],"wp:term":[{"taxonomy":"category","embeddable":true,"href":"https:\/\/armeniahoy.com\/index.php\/wp-json\/wp\/v2\/categories?post=756"},{"taxonomy":"post_tag","embeddable":true,"href":"https:\/\/armeniahoy.com\/index.php\/wp-json\/wp\/v2\/tags?post=756"}],"curies":[{"name":"wp","href":"https:\/\/api.w.org\/{rel}","templated":true}]}}