{"id":765,"date":"2025-08-06T18:28:27","date_gmt":"2025-08-06T18:28:27","guid":{"rendered":"https:\/\/armeniahoy.com\/?p=765"},"modified":"2025-08-07T19:24:57","modified_gmt":"2025-08-07T19:24:57","slug":"armenia-del-destacado-poeta-slavi-avik-harutyunan","status":"publish","type":"post","link":"https:\/\/armeniahoy.com\/index.php\/2025\/08\/06\/armenia-del-destacado-poeta-slavi-avik-harutyunan\/","title":{"rendered":"&#8221; Armenia&#8221; del destacado poeta Slavi Avik Harutyunyan"},"content":{"rendered":"<p>Compartimos el poema &#8220;Armenia&#8221; del destacado poeta Slavi Avik Harutyunyan a dem\u00e1s el autor es , fil\u00f3sofo, guionista y productor cinematogr\u00e1fico nacido en 1965 en Nagorno\u2011Karabaj (regi\u00f3n del C\u00e1ucaso)<br \/>\nFue publicado por primera vez a los 15 a\u00f1os en el peri\u00f3dico Pioner Kanch. Entre 1983 y 1985 sirvi\u00f3 en el ej\u00e9rcito sovi\u00e9tico en Siberia. Se form\u00f3 en filolog\u00eda en Stepanakert (1988), luego estudi\u00f3 guion cinematogr\u00e1fico en el Instituto Estatal de Cinematograf\u00eda de Mosc\u00fa (1997), y obtuvo un doctorado en Filosof\u00eda en la Universidad Estatal de Cultura y Artes de Mosc\u00fa (2000)<\/p>\n<p>&nbsp;<\/p>\n<p>Armenia<br class=\"html-br\" \/><br class=\"html-br\" \/>un pa\u00eds a donde viajas sin pasaporte<br class=\"html-br\" \/>sin miedo<br class=\"html-br\" \/>vives<br class=\"html-br\" \/>amas<br class=\"html-br\" \/>oras por la luz dominical<br class=\"html-br\" \/>por una esperanza<br class=\"html-br\" \/>sin esperanza<br class=\"html-br\" \/>sin esperanza<br class=\"html-br\" \/>las mujeres en el borde de la noche<br class=\"html-br\" \/>vestidas de luna<br class=\"html-br\" \/>conducen a sus maridos<br class=\"html-br\" \/>hacia la peregrinaci\u00f3n<br class=\"html-br\" \/>huele tanto el aire de la ma\u00f1ana<br class=\"html-br\" \/>los r\u00edos saltan hacia los abismos<br class=\"html-br\" \/>en esos desfiladeros est\u00e1 nuestro estrago<br class=\"html-br\" \/>hablo sobre las mujeres<br class=\"html-br\" \/>como unos \u00e1ngeles de vida y de la muerte<br class=\"html-br\" \/>y tambi\u00e9n la tierra es la sabidur\u00eda<br class=\"html-br\" \/>las escalas<br class=\"html-br\" \/>los abismos<br class=\"html-br\" \/>incluso la noche<br class=\"html-br\" \/>estas noches han dado unos ojos<br class=\"html-br\" \/>para que las mujeres sollocen por la p\u00e9rdida<br class=\"html-br\" \/>digo que las heridas no son los miembros<br class=\"html-br\" \/>de nuestro cuerpo<br class=\"html-br\" \/>las piedras son para mirar<br class=\"html-br\" \/>a aquellos que se alejaban<br class=\"html-br\" \/>el planeta est\u00e1 hecho de estas piedras<br class=\"html-br\" \/>digo que es el agua con la nieve de esta primavera<br class=\"html-br\" \/>incluso la noche<br class=\"html-br\" \/>las mujeres que se revuelcan en sus camas<br class=\"html-br\" \/>que Dios volviera a bajar en ese momento<br class=\"html-br\" \/>empapado de jugo de amanecer<br class=\"html-br\" \/>en estos campos de la vi\u00f1a medio dormidos<br class=\"html-br\" \/>estirados en la cima de Ararat<br class=\"html-br\" \/>que amara alguien en el silencio<br class=\"html-br\" \/>consolando a veces<br class=\"html-br\" \/>hablo de las cosas<br class=\"html-br\" \/>que solemos perder siempre<br class=\"html-br\" \/>en la respiraci\u00f3n de estos \u00e1rboles<br class=\"html-br\" \/>en el ardor de estas piedras<br class=\"html-br\" \/>en los brazos sin el gemido<br class=\"html-br\" \/>de estas mujeres solitarias<br class=\"html-br\" \/>sigo hablando a\u00fan de aquel p\u00e1jaro<br class=\"html-br\" \/>que hab\u00eda cruzado el oc\u00e9ano sin aterrizajes<br class=\"html-br\" \/>pero sigue mirando atr\u00e1s<br class=\"html-br\" \/>sigue mirando atr\u00e1s<br class=\"html-br\" \/>sigue mirando atr\u00e1s<br class=\"html-br\" \/>a estas piedras.<\/p>\n<p>&nbsp;<\/p>\n<p><img decoding=\"async\" src=\"https:\/\/i.natgeofe.com\/n\/852429ea-cd87-4ec6-a81d-4a2e8a38e6e5\/armenia_h_00000220066588.jpg?w=1200\" alt=\"Armenia Travel Guide\" \/><\/p>\n","protected":false},"excerpt":{"rendered":"<p>Compartimos el poema &#8220;Armenia&#8221; del destacado poeta Slavi Avik Harutyunyan a dem\u00e1s el autor es , fil\u00f3sofo, guionista y productor cinematogr\u00e1fico nacido en 1965 en Nagorno\u2011Karabaj (regi\u00f3n del C\u00e1ucaso) Fue publicado por primera vez a los 15 a\u00f1os en el peri\u00f3dico Pioner Kanch. Entre 1983 y 1985 sirvi\u00f3 en el ej\u00e9rcito sovi\u00e9tico en Siberia. Se [&hellip;]<\/p>\n","protected":false},"author":1,"featured_media":766,"comment_status":"open","ping_status":"open","sticky":false,"template":"","format":"standard","meta":{"tdm_status":"","tdm_grid_status":"","footnotes":""},"categories":[15],"tags":[],"class_list":["post-765","post","type-post","status-publish","format-standard","has-post-thumbnail","hentry","category-cultura"],"yoast_head":"<!-- This site is optimized with the Yoast SEO plugin v23.5 - https:\/\/yoast.com\/wordpress\/plugins\/seo\/ -->\n<title>&quot; Armenia&quot; del destacado poeta Slavi Avik Harutyunyan - Armeniahoy<\/title>\n<meta name=\"robots\" content=\"index, follow, max-snippet:-1, max-image-preview:large, max-video-preview:-1\" \/>\n<link rel=\"canonical\" href=\"https:\/\/armeniahoy.com\/index.php\/2025\/08\/06\/armenia-del-destacado-poeta-slavi-avik-harutyunan\/\" \/>\n<meta property=\"og:locale\" content=\"en_GB\" \/>\n<meta property=\"og:type\" content=\"article\" \/>\n<meta property=\"og:title\" content=\"&quot; Armenia&quot; del destacado poeta Slavi Avik Harutyunyan - Armeniahoy\" \/>\n<meta property=\"og:description\" content=\"Compartimos el poema &#8220;Armenia&#8221; del destacado poeta Slavi Avik Harutyunyan a dem\u00e1s el autor es , fil\u00f3sofo, guionista y productor cinematogr\u00e1fico nacido en 1965 en Nagorno\u2011Karabaj (regi\u00f3n del C\u00e1ucaso) Fue publicado por primera vez a los 15 a\u00f1os en el peri\u00f3dico Pioner Kanch. Entre 1983 y 1985 sirvi\u00f3 en el ej\u00e9rcito sovi\u00e9tico en Siberia. Se [&hellip;]\" \/>\n<meta property=\"og:url\" content=\"https:\/\/armeniahoy.com\/index.php\/2025\/08\/06\/armenia-del-destacado-poeta-slavi-avik-harutyunan\/\" \/>\n<meta property=\"og:site_name\" content=\"Armeniahoy\" \/>\n<meta property=\"article:published_time\" content=\"2025-08-06T18:28:27+00:00\" \/>\n<meta property=\"article:modified_time\" content=\"2025-08-07T19:24:57+00:00\" \/>\n<meta property=\"og:image\" content=\"https:\/\/armeniahoy.com\/wp-content\/uploads\/2025\/08\/slav-jan.jpg\" \/>\n\t<meta property=\"og:image:width\" content=\"960\" \/>\n\t<meta property=\"og:image:height\" content=\"960\" \/>\n\t<meta property=\"og:image:type\" content=\"image\/jpeg\" \/>\n<meta name=\"author\" content=\"Armeniahoy_admin\" \/>\n<meta name=\"twitter:card\" content=\"summary_large_image\" \/>\n<meta name=\"twitter:label1\" content=\"Written by\" \/>\n\t<meta name=\"twitter:data1\" content=\"Armeniahoy_admin\" \/>\n\t<meta name=\"twitter:label2\" content=\"Estimated reading time\" \/>\n\t<meta name=\"twitter:data2\" content=\"2 minutes\" \/>\n<script type=\"application\/ld+json\" class=\"yoast-schema-graph\">{\"@context\":\"https:\/\/schema.org\",\"@graph\":[{\"@type\":\"WebPage\",\"@id\":\"https:\/\/armeniahoy.com\/index.php\/2025\/08\/06\/armenia-del-destacado-poeta-slavi-avik-harutyunan\/\",\"url\":\"https:\/\/armeniahoy.com\/index.php\/2025\/08\/06\/armenia-del-destacado-poeta-slavi-avik-harutyunan\/\",\"name\":\"\\\" Armenia\\\" del destacado poeta Slavi Avik Harutyunyan - Armeniahoy\",\"isPartOf\":{\"@id\":\"https:\/\/armeniahoy.com\/#website\"},\"primaryImageOfPage\":{\"@id\":\"https:\/\/armeniahoy.com\/index.php\/2025\/08\/06\/armenia-del-destacado-poeta-slavi-avik-harutyunan\/#primaryimage\"},\"image\":{\"@id\":\"https:\/\/armeniahoy.com\/index.php\/2025\/08\/06\/armenia-del-destacado-poeta-slavi-avik-harutyunan\/#primaryimage\"},\"thumbnailUrl\":\"https:\/\/armeniahoy.com\/wp-content\/uploads\/2025\/08\/slav-jan.jpg\",\"datePublished\":\"2025-08-06T18:28:27+00:00\",\"dateModified\":\"2025-08-07T19:24:57+00:00\",\"author\":{\"@id\":\"https:\/\/armeniahoy.com\/#\/schema\/person\/43a6ddf56577bb96aa082771596ed2b8\"},\"breadcrumb\":{\"@id\":\"https:\/\/armeniahoy.com\/index.php\/2025\/08\/06\/armenia-del-destacado-poeta-slavi-avik-harutyunan\/#breadcrumb\"},\"inLanguage\":\"en-GB\",\"potentialAction\":[{\"@type\":\"ReadAction\",\"target\":[\"https:\/\/armeniahoy.com\/index.php\/2025\/08\/06\/armenia-del-destacado-poeta-slavi-avik-harutyunan\/\"]}]},{\"@type\":\"ImageObject\",\"inLanguage\":\"en-GB\",\"@id\":\"https:\/\/armeniahoy.com\/index.php\/2025\/08\/06\/armenia-del-destacado-poeta-slavi-avik-harutyunan\/#primaryimage\",\"url\":\"https:\/\/armeniahoy.com\/wp-content\/uploads\/2025\/08\/slav-jan.jpg\",\"contentUrl\":\"https:\/\/armeniahoy.com\/wp-content\/uploads\/2025\/08\/slav-jan.jpg\",\"width\":960,\"height\":960},{\"@type\":\"BreadcrumbList\",\"@id\":\"https:\/\/armeniahoy.com\/index.php\/2025\/08\/06\/armenia-del-destacado-poeta-slavi-avik-harutyunan\/#breadcrumb\",\"itemListElement\":[{\"@type\":\"ListItem\",\"position\":1,\"name\":\"Home\",\"item\":\"https:\/\/armeniahoy.com\/\"},{\"@type\":\"ListItem\",\"position\":2,\"name\":\"&#8221; Armenia&#8221; del destacado poeta Slavi Avik Harutyunyan\"}]},{\"@type\":\"WebSite\",\"@id\":\"https:\/\/armeniahoy.com\/#website\",\"url\":\"https:\/\/armeniahoy.com\/\",\"name\":\"Armeniahoy\",\"description\":\"\",\"potentialAction\":[{\"@type\":\"SearchAction\",\"target\":{\"@type\":\"EntryPoint\",\"urlTemplate\":\"https:\/\/armeniahoy.com\/?s={search_term_string}\"},\"query-input\":{\"@type\":\"PropertyValueSpecification\",\"valueRequired\":true,\"valueName\":\"search_term_string\"}}],\"inLanguage\":\"en-GB\"},{\"@type\":\"Person\",\"@id\":\"https:\/\/armeniahoy.com\/#\/schema\/person\/43a6ddf56577bb96aa082771596ed2b8\",\"name\":\"Armeniahoy_admin\",\"image\":{\"@type\":\"ImageObject\",\"inLanguage\":\"en-GB\",\"@id\":\"https:\/\/armeniahoy.com\/#\/schema\/person\/image\/\",\"url\":\"https:\/\/secure.gravatar.com\/avatar\/1cfeedda9358b4c7ba0966e36afc065f831e834b008a63b630ebd4be3da5e489?s=96&d=mm&r=g\",\"contentUrl\":\"https:\/\/secure.gravatar.com\/avatar\/1cfeedda9358b4c7ba0966e36afc065f831e834b008a63b630ebd4be3da5e489?s=96&d=mm&r=g\",\"caption\":\"Armeniahoy_admin\"},\"sameAs\":[\"https:\/\/armeniahoy.com\"],\"url\":\"https:\/\/armeniahoy.com\/index.php\/author\/armeniahoy_admin\/\"}]}<\/script>\n<!-- \/ Yoast SEO plugin. -->","yoast_head_json":{"title":"\" Armenia\" del destacado poeta Slavi Avik Harutyunyan - Armeniahoy","robots":{"index":"index","follow":"follow","max-snippet":"max-snippet:-1","max-image-preview":"max-image-preview:large","max-video-preview":"max-video-preview:-1"},"canonical":"https:\/\/armeniahoy.com\/index.php\/2025\/08\/06\/armenia-del-destacado-poeta-slavi-avik-harutyunan\/","og_locale":"en_GB","og_type":"article","og_title":"\" Armenia\" del destacado poeta Slavi Avik Harutyunyan - Armeniahoy","og_description":"Compartimos el poema &#8220;Armenia&#8221; del destacado poeta Slavi Avik Harutyunyan a dem\u00e1s el autor es , fil\u00f3sofo, guionista y productor cinematogr\u00e1fico nacido en 1965 en Nagorno\u2011Karabaj (regi\u00f3n del C\u00e1ucaso) Fue publicado por primera vez a los 15 a\u00f1os en el peri\u00f3dico Pioner Kanch. Entre 1983 y 1985 sirvi\u00f3 en el ej\u00e9rcito sovi\u00e9tico en Siberia. Se [&hellip;]","og_url":"https:\/\/armeniahoy.com\/index.php\/2025\/08\/06\/armenia-del-destacado-poeta-slavi-avik-harutyunan\/","og_site_name":"Armeniahoy","article_published_time":"2025-08-06T18:28:27+00:00","article_modified_time":"2025-08-07T19:24:57+00:00","og_image":[{"width":960,"height":960,"url":"https:\/\/armeniahoy.com\/wp-content\/uploads\/2025\/08\/slav-jan.jpg","type":"image\/jpeg"}],"author":"Armeniahoy_admin","twitter_card":"summary_large_image","twitter_misc":{"Written by":"Armeniahoy_admin","Estimated reading time":"2 minutes"},"schema":{"@context":"https:\/\/schema.org","@graph":[{"@type":"WebPage","@id":"https:\/\/armeniahoy.com\/index.php\/2025\/08\/06\/armenia-del-destacado-poeta-slavi-avik-harutyunan\/","url":"https:\/\/armeniahoy.com\/index.php\/2025\/08\/06\/armenia-del-destacado-poeta-slavi-avik-harutyunan\/","name":"\" Armenia\" del destacado poeta Slavi Avik Harutyunyan - Armeniahoy","isPartOf":{"@id":"https:\/\/armeniahoy.com\/#website"},"primaryImageOfPage":{"@id":"https:\/\/armeniahoy.com\/index.php\/2025\/08\/06\/armenia-del-destacado-poeta-slavi-avik-harutyunan\/#primaryimage"},"image":{"@id":"https:\/\/armeniahoy.com\/index.php\/2025\/08\/06\/armenia-del-destacado-poeta-slavi-avik-harutyunan\/#primaryimage"},"thumbnailUrl":"https:\/\/armeniahoy.com\/wp-content\/uploads\/2025\/08\/slav-jan.jpg","datePublished":"2025-08-06T18:28:27+00:00","dateModified":"2025-08-07T19:24:57+00:00","author":{"@id":"https:\/\/armeniahoy.com\/#\/schema\/person\/43a6ddf56577bb96aa082771596ed2b8"},"breadcrumb":{"@id":"https:\/\/armeniahoy.com\/index.php\/2025\/08\/06\/armenia-del-destacado-poeta-slavi-avik-harutyunan\/#breadcrumb"},"inLanguage":"en-GB","potentialAction":[{"@type":"ReadAction","target":["https:\/\/armeniahoy.com\/index.php\/2025\/08\/06\/armenia-del-destacado-poeta-slavi-avik-harutyunan\/"]}]},{"@type":"ImageObject","inLanguage":"en-GB","@id":"https:\/\/armeniahoy.com\/index.php\/2025\/08\/06\/armenia-del-destacado-poeta-slavi-avik-harutyunan\/#primaryimage","url":"https:\/\/armeniahoy.com\/wp-content\/uploads\/2025\/08\/slav-jan.jpg","contentUrl":"https:\/\/armeniahoy.com\/wp-content\/uploads\/2025\/08\/slav-jan.jpg","width":960,"height":960},{"@type":"BreadcrumbList","@id":"https:\/\/armeniahoy.com\/index.php\/2025\/08\/06\/armenia-del-destacado-poeta-slavi-avik-harutyunan\/#breadcrumb","itemListElement":[{"@type":"ListItem","position":1,"name":"Home","item":"https:\/\/armeniahoy.com\/"},{"@type":"ListItem","position":2,"name":"&#8221; Armenia&#8221; del destacado poeta Slavi Avik Harutyunyan"}]},{"@type":"WebSite","@id":"https:\/\/armeniahoy.com\/#website","url":"https:\/\/armeniahoy.com\/","name":"Armeniahoy","description":"","potentialAction":[{"@type":"SearchAction","target":{"@type":"EntryPoint","urlTemplate":"https:\/\/armeniahoy.com\/?s={search_term_string}"},"query-input":{"@type":"PropertyValueSpecification","valueRequired":true,"valueName":"search_term_string"}}],"inLanguage":"en-GB"},{"@type":"Person","@id":"https:\/\/armeniahoy.com\/#\/schema\/person\/43a6ddf56577bb96aa082771596ed2b8","name":"Armeniahoy_admin","image":{"@type":"ImageObject","inLanguage":"en-GB","@id":"https:\/\/armeniahoy.com\/#\/schema\/person\/image\/","url":"https:\/\/secure.gravatar.com\/avatar\/1cfeedda9358b4c7ba0966e36afc065f831e834b008a63b630ebd4be3da5e489?s=96&d=mm&r=g","contentUrl":"https:\/\/secure.gravatar.com\/avatar\/1cfeedda9358b4c7ba0966e36afc065f831e834b008a63b630ebd4be3da5e489?s=96&d=mm&r=g","caption":"Armeniahoy_admin"},"sameAs":["https:\/\/armeniahoy.com"],"url":"https:\/\/armeniahoy.com\/index.php\/author\/armeniahoy_admin\/"}]}},"_links":{"self":[{"href":"https:\/\/armeniahoy.com\/index.php\/wp-json\/wp\/v2\/posts\/765","targetHints":{"allow":["GET"]}}],"collection":[{"href":"https:\/\/armeniahoy.com\/index.php\/wp-json\/wp\/v2\/posts"}],"about":[{"href":"https:\/\/armeniahoy.com\/index.php\/wp-json\/wp\/v2\/types\/post"}],"author":[{"embeddable":true,"href":"https:\/\/armeniahoy.com\/index.php\/wp-json\/wp\/v2\/users\/1"}],"replies":[{"embeddable":true,"href":"https:\/\/armeniahoy.com\/index.php\/wp-json\/wp\/v2\/comments?post=765"}],"version-history":[{"count":2,"href":"https:\/\/armeniahoy.com\/index.php\/wp-json\/wp\/v2\/posts\/765\/revisions"}],"predecessor-version":[{"id":776,"href":"https:\/\/armeniahoy.com\/index.php\/wp-json\/wp\/v2\/posts\/765\/revisions\/776"}],"wp:featuredmedia":[{"embeddable":true,"href":"https:\/\/armeniahoy.com\/index.php\/wp-json\/wp\/v2\/media\/766"}],"wp:attachment":[{"href":"https:\/\/armeniahoy.com\/index.php\/wp-json\/wp\/v2\/media?parent=765"}],"wp:term":[{"taxonomy":"category","embeddable":true,"href":"https:\/\/armeniahoy.com\/index.php\/wp-json\/wp\/v2\/categories?post=765"},{"taxonomy":"post_tag","embeddable":true,"href":"https:\/\/armeniahoy.com\/index.php\/wp-json\/wp\/v2\/tags?post=765"}],"curies":[{"name":"wp","href":"https:\/\/api.w.org\/{rel}","templated":true}]}}