{"id":877,"date":"2025-08-27T13:55:21","date_gmt":"2025-08-27T13:55:21","guid":{"rendered":"https:\/\/armeniahoy.com\/?p=877"},"modified":"2025-08-27T13:55:21","modified_gmt":"2025-08-27T13:55:21","slug":"arman-mayilyan-lleva-la-marca-macson-a-erevan-con-su-primera-tienda-en-armenia","status":"publish","type":"post","link":"https:\/\/armeniahoy.com\/index.php\/2025\/08\/27\/arman-mayilyan-lleva-la-marca-macson-a-erevan-con-su-primera-tienda-en-armenia\/","title":{"rendered":"Arman Mayilyan lleva la marca Macson a Erev\u00e1n con su primera tienda en Armenia"},"content":{"rendered":"<p><strong data-start=\"289\" data-end=\"310\">Erev\u00e1n, Armenia \u2013<\/strong>\u00a0La reconocida marca barcelonesa\u00a0<strong data-start=\"343\" data-end=\"353\">Macson<\/strong>, fundada en 1942 y s\u00edmbolo de la moda masculina elegante y contempor\u00e1nea, abre por primera vez sus puertas en Armenia. El estreno de la tienda se celebra en el\u00a0<strong data-start=\"514\" data-end=\"537\">Mega Mall de Erev\u00e1n<\/strong>, un espacio que se convierte en nuevo punto de encuentro para los amantes del estilo y la calidad.<\/p>\n<p><strong>Informo La voz armenia.\u00a0<\/strong><\/p>\n<p data-start=\"99\" data-end=\"228\">El responsable de este importante paso es\u00a0<strong data-start=\"682\" data-end=\"700\">Arman Mayilyan<\/strong>, empresario y fil\u00e1ntropo conocido por su labor en el fortalecimiento de los lazos culturales y empresariales entre Espa\u00f1a y Armenia. A lo largo de los a\u00f1os, ha respaldado numerosos proyectos solidarios que han beneficiado a ambas comunidades.<\/p>\n<figure class=\"image ckeditor-image\"><img loading=\"lazy\" decoding=\"async\" class=\" lazyloaded\" src=\"https:\/\/www.lavozarmenia.com\/media\/lavozarmenia\/images\/2025\/08\/24\/2025082414294088887.jpg\" alt=\"Arman Mayilyan con sus hijos Raz y Artur\" width=\"613\" height=\"626\" data-src=\"\/media\/lavozarmenia\/images\/2025\/08\/24\/2025082414294088887.jpg\" \/><\/figure>\n<p>&nbsp;<\/p>\n<p data-start=\"947\" data-end=\"1304\">Con esta apertura, Macson desembarca en la capital armenia con su propuesta de moda urbana, sofisticada y vers\u00e1til, reflejando el esp\u00edritu de Barcelona en cada detalle. Una apuesta que no solo acerca el dise\u00f1o espa\u00f1ol a Erev\u00e1n, sino que tambi\u00e9n reafirma la visi\u00f3n de Arman Mayilyan de tender puentes entre culturas a trav\u00e9s de la empresa y la creatividad.<\/p>\n<p data-start=\"1306\" data-end=\"1564\">La inauguraci\u00f3n de Macson en Armenia invita a descubrir un universo donde la tradici\u00f3n de m\u00e1s de 80 a\u00f1os se une con la frescura de la moda actual. Ahora, los ciudadanos de Erev\u00e1n podr\u00e1n disfrutar de la esencia de la moda barcelonesa sin salir de su ciudad.<\/p>\n","protected":false},"excerpt":{"rendered":"<p>Erev\u00e1n, Armenia \u2013\u00a0La reconocida marca barcelonesa\u00a0Macson, fundada en 1942 y s\u00edmbolo de la moda masculina elegante y contempor\u00e1nea, abre por primera vez sus puertas en Armenia. El estreno de la tienda se celebra en el\u00a0Mega Mall de Erev\u00e1n, un espacio que se convierte en nuevo punto de encuentro para los amantes del estilo y la [&hellip;]<\/p>\n","protected":false},"author":1,"featured_media":878,"comment_status":"open","ping_status":"open","sticky":false,"template":"","format":"standard","meta":{"tdm_status":"","tdm_grid_status":"","footnotes":""},"categories":[17],"tags":[],"class_list":["post-877","post","type-post","status-publish","format-standard","has-post-thumbnail","hentry","category-economia"],"yoast_head":"<!-- This site is optimized with the Yoast SEO plugin v23.5 - https:\/\/yoast.com\/wordpress\/plugins\/seo\/ -->\n<title>Arman Mayilyan lleva la marca Macson a Erev\u00e1n con su primera tienda en Armenia - Armeniahoy<\/title>\n<meta name=\"robots\" content=\"index, follow, max-snippet:-1, max-image-preview:large, max-video-preview:-1\" \/>\n<link rel=\"canonical\" href=\"https:\/\/armeniahoy.com\/index.php\/2025\/08\/27\/arman-mayilyan-lleva-la-marca-macson-a-erevan-con-su-primera-tienda-en-armenia\/\" \/>\n<meta property=\"og:locale\" content=\"en_GB\" \/>\n<meta property=\"og:type\" content=\"article\" \/>\n<meta property=\"og:title\" content=\"Arman Mayilyan lleva la marca Macson a Erev\u00e1n con su primera tienda en Armenia - Armeniahoy\" \/>\n<meta property=\"og:description\" content=\"Erev\u00e1n, Armenia \u2013\u00a0La reconocida marca barcelonesa\u00a0Macson, fundada en 1942 y s\u00edmbolo de la moda masculina elegante y contempor\u00e1nea, abre por primera vez sus puertas en Armenia. El estreno de la tienda se celebra en el\u00a0Mega Mall de Erev\u00e1n, un espacio que se convierte en nuevo punto de encuentro para los amantes del estilo y la [&hellip;]\" \/>\n<meta property=\"og:url\" content=\"https:\/\/armeniahoy.com\/index.php\/2025\/08\/27\/arman-mayilyan-lleva-la-marca-macson-a-erevan-con-su-primera-tienda-en-armenia\/\" \/>\n<meta property=\"og:site_name\" content=\"Armeniahoy\" \/>\n<meta property=\"article:published_time\" content=\"2025-08-27T13:55:21+00:00\" \/>\n<meta property=\"og:image\" content=\"https:\/\/armeniahoy.com\/wp-content\/uploads\/2025\/08\/arman.jpg\" \/>\n\t<meta property=\"og:image:width\" content=\"956\" \/>\n\t<meta property=\"og:image:height\" content=\"975\" \/>\n\t<meta property=\"og:image:type\" content=\"image\/jpeg\" \/>\n<meta name=\"author\" content=\"Armeniahoy_admin\" \/>\n<meta name=\"twitter:card\" content=\"summary_large_image\" \/>\n<meta name=\"twitter:label1\" content=\"Written by\" \/>\n\t<meta name=\"twitter:data1\" content=\"Armeniahoy_admin\" \/>\n\t<meta name=\"twitter:label2\" content=\"Estimated reading time\" \/>\n\t<meta name=\"twitter:data2\" content=\"2 minutes\" \/>\n<script type=\"application\/ld+json\" class=\"yoast-schema-graph\">{\"@context\":\"https:\/\/schema.org\",\"@graph\":[{\"@type\":\"WebPage\",\"@id\":\"https:\/\/armeniahoy.com\/index.php\/2025\/08\/27\/arman-mayilyan-lleva-la-marca-macson-a-erevan-con-su-primera-tienda-en-armenia\/\",\"url\":\"https:\/\/armeniahoy.com\/index.php\/2025\/08\/27\/arman-mayilyan-lleva-la-marca-macson-a-erevan-con-su-primera-tienda-en-armenia\/\",\"name\":\"Arman Mayilyan lleva la marca Macson a Erev\u00e1n con su primera tienda en Armenia - Armeniahoy\",\"isPartOf\":{\"@id\":\"https:\/\/armeniahoy.com\/#website\"},\"primaryImageOfPage\":{\"@id\":\"https:\/\/armeniahoy.com\/index.php\/2025\/08\/27\/arman-mayilyan-lleva-la-marca-macson-a-erevan-con-su-primera-tienda-en-armenia\/#primaryimage\"},\"image\":{\"@id\":\"https:\/\/armeniahoy.com\/index.php\/2025\/08\/27\/arman-mayilyan-lleva-la-marca-macson-a-erevan-con-su-primera-tienda-en-armenia\/#primaryimage\"},\"thumbnailUrl\":\"https:\/\/armeniahoy.com\/wp-content\/uploads\/2025\/08\/arman.jpg\",\"datePublished\":\"2025-08-27T13:55:21+00:00\",\"dateModified\":\"2025-08-27T13:55:21+00:00\",\"author\":{\"@id\":\"https:\/\/armeniahoy.com\/#\/schema\/person\/43a6ddf56577bb96aa082771596ed2b8\"},\"breadcrumb\":{\"@id\":\"https:\/\/armeniahoy.com\/index.php\/2025\/08\/27\/arman-mayilyan-lleva-la-marca-macson-a-erevan-con-su-primera-tienda-en-armenia\/#breadcrumb\"},\"inLanguage\":\"en-GB\",\"potentialAction\":[{\"@type\":\"ReadAction\",\"target\":[\"https:\/\/armeniahoy.com\/index.php\/2025\/08\/27\/arman-mayilyan-lleva-la-marca-macson-a-erevan-con-su-primera-tienda-en-armenia\/\"]}]},{\"@type\":\"ImageObject\",\"inLanguage\":\"en-GB\",\"@id\":\"https:\/\/armeniahoy.com\/index.php\/2025\/08\/27\/arman-mayilyan-lleva-la-marca-macson-a-erevan-con-su-primera-tienda-en-armenia\/#primaryimage\",\"url\":\"https:\/\/armeniahoy.com\/wp-content\/uploads\/2025\/08\/arman.jpg\",\"contentUrl\":\"https:\/\/armeniahoy.com\/wp-content\/uploads\/2025\/08\/arman.jpg\",\"width\":956,\"height\":975},{\"@type\":\"BreadcrumbList\",\"@id\":\"https:\/\/armeniahoy.com\/index.php\/2025\/08\/27\/arman-mayilyan-lleva-la-marca-macson-a-erevan-con-su-primera-tienda-en-armenia\/#breadcrumb\",\"itemListElement\":[{\"@type\":\"ListItem\",\"position\":1,\"name\":\"Home\",\"item\":\"https:\/\/armeniahoy.com\/\"},{\"@type\":\"ListItem\",\"position\":2,\"name\":\"Arman Mayilyan lleva la marca Macson a Erev\u00e1n con su primera tienda en Armenia\"}]},{\"@type\":\"WebSite\",\"@id\":\"https:\/\/armeniahoy.com\/#website\",\"url\":\"https:\/\/armeniahoy.com\/\",\"name\":\"Armeniahoy\",\"description\":\"\",\"potentialAction\":[{\"@type\":\"SearchAction\",\"target\":{\"@type\":\"EntryPoint\",\"urlTemplate\":\"https:\/\/armeniahoy.com\/?s={search_term_string}\"},\"query-input\":{\"@type\":\"PropertyValueSpecification\",\"valueRequired\":true,\"valueName\":\"search_term_string\"}}],\"inLanguage\":\"en-GB\"},{\"@type\":\"Person\",\"@id\":\"https:\/\/armeniahoy.com\/#\/schema\/person\/43a6ddf56577bb96aa082771596ed2b8\",\"name\":\"Armeniahoy_admin\",\"image\":{\"@type\":\"ImageObject\",\"inLanguage\":\"en-GB\",\"@id\":\"https:\/\/armeniahoy.com\/#\/schema\/person\/image\/\",\"url\":\"https:\/\/secure.gravatar.com\/avatar\/1cfeedda9358b4c7ba0966e36afc065f831e834b008a63b630ebd4be3da5e489?s=96&d=mm&r=g\",\"contentUrl\":\"https:\/\/secure.gravatar.com\/avatar\/1cfeedda9358b4c7ba0966e36afc065f831e834b008a63b630ebd4be3da5e489?s=96&d=mm&r=g\",\"caption\":\"Armeniahoy_admin\"},\"sameAs\":[\"https:\/\/armeniahoy.com\"],\"url\":\"https:\/\/armeniahoy.com\/index.php\/author\/armeniahoy_admin\/\"}]}<\/script>\n<!-- \/ Yoast SEO plugin. -->","yoast_head_json":{"title":"Arman Mayilyan lleva la marca Macson a Erev\u00e1n con su primera tienda en Armenia - Armeniahoy","robots":{"index":"index","follow":"follow","max-snippet":"max-snippet:-1","max-image-preview":"max-image-preview:large","max-video-preview":"max-video-preview:-1"},"canonical":"https:\/\/armeniahoy.com\/index.php\/2025\/08\/27\/arman-mayilyan-lleva-la-marca-macson-a-erevan-con-su-primera-tienda-en-armenia\/","og_locale":"en_GB","og_type":"article","og_title":"Arman Mayilyan lleva la marca Macson a Erev\u00e1n con su primera tienda en Armenia - Armeniahoy","og_description":"Erev\u00e1n, Armenia \u2013\u00a0La reconocida marca barcelonesa\u00a0Macson, fundada en 1942 y s\u00edmbolo de la moda masculina elegante y contempor\u00e1nea, abre por primera vez sus puertas en Armenia. El estreno de la tienda se celebra en el\u00a0Mega Mall de Erev\u00e1n, un espacio que se convierte en nuevo punto de encuentro para los amantes del estilo y la [&hellip;]","og_url":"https:\/\/armeniahoy.com\/index.php\/2025\/08\/27\/arman-mayilyan-lleva-la-marca-macson-a-erevan-con-su-primera-tienda-en-armenia\/","og_site_name":"Armeniahoy","article_published_time":"2025-08-27T13:55:21+00:00","og_image":[{"width":956,"height":975,"url":"https:\/\/armeniahoy.com\/wp-content\/uploads\/2025\/08\/arman.jpg","type":"image\/jpeg"}],"author":"Armeniahoy_admin","twitter_card":"summary_large_image","twitter_misc":{"Written by":"Armeniahoy_admin","Estimated reading time":"2 minutes"},"schema":{"@context":"https:\/\/schema.org","@graph":[{"@type":"WebPage","@id":"https:\/\/armeniahoy.com\/index.php\/2025\/08\/27\/arman-mayilyan-lleva-la-marca-macson-a-erevan-con-su-primera-tienda-en-armenia\/","url":"https:\/\/armeniahoy.com\/index.php\/2025\/08\/27\/arman-mayilyan-lleva-la-marca-macson-a-erevan-con-su-primera-tienda-en-armenia\/","name":"Arman Mayilyan lleva la marca Macson a Erev\u00e1n con su primera tienda en Armenia - Armeniahoy","isPartOf":{"@id":"https:\/\/armeniahoy.com\/#website"},"primaryImageOfPage":{"@id":"https:\/\/armeniahoy.com\/index.php\/2025\/08\/27\/arman-mayilyan-lleva-la-marca-macson-a-erevan-con-su-primera-tienda-en-armenia\/#primaryimage"},"image":{"@id":"https:\/\/armeniahoy.com\/index.php\/2025\/08\/27\/arman-mayilyan-lleva-la-marca-macson-a-erevan-con-su-primera-tienda-en-armenia\/#primaryimage"},"thumbnailUrl":"https:\/\/armeniahoy.com\/wp-content\/uploads\/2025\/08\/arman.jpg","datePublished":"2025-08-27T13:55:21+00:00","dateModified":"2025-08-27T13:55:21+00:00","author":{"@id":"https:\/\/armeniahoy.com\/#\/schema\/person\/43a6ddf56577bb96aa082771596ed2b8"},"breadcrumb":{"@id":"https:\/\/armeniahoy.com\/index.php\/2025\/08\/27\/arman-mayilyan-lleva-la-marca-macson-a-erevan-con-su-primera-tienda-en-armenia\/#breadcrumb"},"inLanguage":"en-GB","potentialAction":[{"@type":"ReadAction","target":["https:\/\/armeniahoy.com\/index.php\/2025\/08\/27\/arman-mayilyan-lleva-la-marca-macson-a-erevan-con-su-primera-tienda-en-armenia\/"]}]},{"@type":"ImageObject","inLanguage":"en-GB","@id":"https:\/\/armeniahoy.com\/index.php\/2025\/08\/27\/arman-mayilyan-lleva-la-marca-macson-a-erevan-con-su-primera-tienda-en-armenia\/#primaryimage","url":"https:\/\/armeniahoy.com\/wp-content\/uploads\/2025\/08\/arman.jpg","contentUrl":"https:\/\/armeniahoy.com\/wp-content\/uploads\/2025\/08\/arman.jpg","width":956,"height":975},{"@type":"BreadcrumbList","@id":"https:\/\/armeniahoy.com\/index.php\/2025\/08\/27\/arman-mayilyan-lleva-la-marca-macson-a-erevan-con-su-primera-tienda-en-armenia\/#breadcrumb","itemListElement":[{"@type":"ListItem","position":1,"name":"Home","item":"https:\/\/armeniahoy.com\/"},{"@type":"ListItem","position":2,"name":"Arman Mayilyan lleva la marca Macson a Erev\u00e1n con su primera tienda en Armenia"}]},{"@type":"WebSite","@id":"https:\/\/armeniahoy.com\/#website","url":"https:\/\/armeniahoy.com\/","name":"Armeniahoy","description":"","potentialAction":[{"@type":"SearchAction","target":{"@type":"EntryPoint","urlTemplate":"https:\/\/armeniahoy.com\/?s={search_term_string}"},"query-input":{"@type":"PropertyValueSpecification","valueRequired":true,"valueName":"search_term_string"}}],"inLanguage":"en-GB"},{"@type":"Person","@id":"https:\/\/armeniahoy.com\/#\/schema\/person\/43a6ddf56577bb96aa082771596ed2b8","name":"Armeniahoy_admin","image":{"@type":"ImageObject","inLanguage":"en-GB","@id":"https:\/\/armeniahoy.com\/#\/schema\/person\/image\/","url":"https:\/\/secure.gravatar.com\/avatar\/1cfeedda9358b4c7ba0966e36afc065f831e834b008a63b630ebd4be3da5e489?s=96&d=mm&r=g","contentUrl":"https:\/\/secure.gravatar.com\/avatar\/1cfeedda9358b4c7ba0966e36afc065f831e834b008a63b630ebd4be3da5e489?s=96&d=mm&r=g","caption":"Armeniahoy_admin"},"sameAs":["https:\/\/armeniahoy.com"],"url":"https:\/\/armeniahoy.com\/index.php\/author\/armeniahoy_admin\/"}]}},"_links":{"self":[{"href":"https:\/\/armeniahoy.com\/index.php\/wp-json\/wp\/v2\/posts\/877","targetHints":{"allow":["GET"]}}],"collection":[{"href":"https:\/\/armeniahoy.com\/index.php\/wp-json\/wp\/v2\/posts"}],"about":[{"href":"https:\/\/armeniahoy.com\/index.php\/wp-json\/wp\/v2\/types\/post"}],"author":[{"embeddable":true,"href":"https:\/\/armeniahoy.com\/index.php\/wp-json\/wp\/v2\/users\/1"}],"replies":[{"embeddable":true,"href":"https:\/\/armeniahoy.com\/index.php\/wp-json\/wp\/v2\/comments?post=877"}],"version-history":[{"count":1,"href":"https:\/\/armeniahoy.com\/index.php\/wp-json\/wp\/v2\/posts\/877\/revisions"}],"predecessor-version":[{"id":879,"href":"https:\/\/armeniahoy.com\/index.php\/wp-json\/wp\/v2\/posts\/877\/revisions\/879"}],"wp:featuredmedia":[{"embeddable":true,"href":"https:\/\/armeniahoy.com\/index.php\/wp-json\/wp\/v2\/media\/878"}],"wp:attachment":[{"href":"https:\/\/armeniahoy.com\/index.php\/wp-json\/wp\/v2\/media?parent=877"}],"wp:term":[{"taxonomy":"category","embeddable":true,"href":"https:\/\/armeniahoy.com\/index.php\/wp-json\/wp\/v2\/categories?post=877"},{"taxonomy":"post_tag","embeddable":true,"href":"https:\/\/armeniahoy.com\/index.php\/wp-json\/wp\/v2\/tags?post=877"}],"curies":[{"name":"wp","href":"https:\/\/api.w.org\/{rel}","templated":true}]}}