{"id":904,"date":"2025-09-05T09:50:16","date_gmt":"2025-09-05T09:50:16","guid":{"rendered":"https:\/\/armeniahoy.com\/?p=904"},"modified":"2025-09-05T09:55:32","modified_gmt":"2025-09-05T09:55:32","slug":"el-hispano-armenio-ara-malikian-llega-al-liceu-con-su-nueva-gira-intruso","status":"publish","type":"post","link":"https:\/\/armeniahoy.com\/index.php\/2025\/09\/05\/el-hispano-armenio-ara-malikian-llega-al-liceu-con-su-nueva-gira-intruso\/","title":{"rendered":"El hispano- armenio Ara Malikian llega al Liceu con su nueva gira &#8216;Intruso&#8217;"},"content":{"rendered":"<p data-start=\"82\" data-end=\"409\">Ara Malikian presenta en el Gran Teatre del Liceu de Barcelona el 11 de diciembre su nueva gira\u00a0<em data-start=\"178\" data-end=\"187\">Intruso<\/em>, un viaje muy personal en el que parte de la angustia de no encajar en ning\u00fan lugar para, finalmente, abrazar la riqueza de su identidad multicultural y encontrar su hogar en todo el mundo a trav\u00e9s del arte y la m\u00fasica.<\/p>\n<p data-start=\"82\" data-end=\"409\"><img loading=\"lazy\" decoding=\"async\" class=\"alignnone size-medium wp-image-908\" src=\"https:\/\/armeniahoy.com\/wp-content\/uploads\/2025\/09\/ara-malikian-600x400-1-300x200.png\" alt=\"\" width=\"300\" height=\"200\" srcset=\"https:\/\/armeniahoy.com\/wp-content\/uploads\/2025\/09\/ara-malikian-600x400-1-300x200.png 300w, https:\/\/armeniahoy.com\/wp-content\/uploads\/2025\/09\/ara-malikian-600x400-1-537x360.png 537w, https:\/\/armeniahoy.com\/wp-content\/uploads\/2025\/09\/ara-malikian-600x400-1.png 600w\" sizes=\"auto, (max-width: 300px) 100vw, 300px\" \/><\/p>\n<p data-start=\"411\" data-end=\"688\">En el L\u00edbano no me consideraban lo suficientemente &#8220;liban\u00e9s&#8221; porque era de origen armenio, los armenios no me consideraban lo suficientemente &#8220;armenio&#8221; porque hab\u00eda nacido en el L\u00edbano, y cuando me establec\u00ed en Europa no me consideraban &#8220;europeo&#8221; porque no hab\u00eda nacido all\u00ed.<\/p>\n<p data-start=\"690\" data-end=\"865\">Esta experiencia tambi\u00e9n se reflej\u00f3 en mi relaci\u00f3n con la m\u00fasica. Cada nota resonaba con la nostalgia de un hogar que no exist\u00eda, un lugar en el que no terminaba de encajar.<\/p>\n<p data-start=\"867\" data-end=\"1078\">Sin embargo, esta condici\u00f3n de &#8220;intruso&#8221; me brind\u00f3 la oportunidad de explorar y disfrutar de m\u00fasicas y culturas fascinantes, ajenas a mi propia tradici\u00f3n, aportando mi propia voz, mi experiencia multicultural.<\/p>\n<p data-start=\"1080\" data-end=\"1310\">Gracias a mi condici\u00f3n de &#8220;intruso&#8221;, he descubierto que el mundo entero es mi hogar. Mi casa est\u00e1 en mi cuerpo y en mi alma, un espacio infinito donde la identidad se transforma y la m\u00fasica se convierte en un lenguaje universal.<\/p>\n<p><strong>Organiza:<\/strong><\/p>\n<p>Viol\u00edn en gira<br \/>\n<a href=\"https:\/\/aramalikian.com\/contacto\/\">www.aramalikian.com\/contacto\/<\/a><\/p>\n<h2 class=\"field--name-field-formated-title item item-0\">Fechas y entradas<\/h2>\n<table class=\"field--name-field-sessions\" style=\"height: 39px;\" width=\"366\">\n<tbody>\n<tr class=\"paragraph paragraph--type--session paragraph--view-mode--default\">\n<td class=\"field--name-field-session-date item item-0\"><time datetime=\"2025-12-11CET20:00:00+01:00\">11 Diciembre 2025<\/time><\/td>\n<td class=\"field--name-field-session-date item item-0\"><time datetime=\"2025-12-11CET20:00:00+01:00\">Jueves<\/time><\/td>\n<td class=\"field--name-field-session-date item item-0\"><time datetime=\"2025-12-11CET20:00:00+01:00\">20:00<\/time><\/td>\n<td class=\"field--name-field-session-state item item-0\"><\/td>\n<td><\/td>\n<td class=\"field--name-field-session-koobin-link item item-0\"><\/td>\n<\/tr>\n<\/tbody>\n<\/table>\n<p>&nbsp;<\/p>\n<p>&nbsp;<\/p>\n","protected":false},"excerpt":{"rendered":"<p>Ara Malikian presenta en el Gran Teatre del Liceu de Barcelona el 11 de diciembre su nueva gira\u00a0Intruso, un viaje muy personal en el que parte de la angustia de no encajar en ning\u00fan lugar para, finalmente, abrazar la riqueza de su identidad multicultural y encontrar su hogar en todo el mundo a trav\u00e9s del [&hellip;]<\/p>\n","protected":false},"author":1,"featured_media":908,"comment_status":"open","ping_status":"open","sticky":false,"template":"","format":"standard","meta":{"tdm_status":"","tdm_grid_status":"","footnotes":""},"categories":[15],"tags":[],"class_list":["post-904","post","type-post","status-publish","format-standard","has-post-thumbnail","hentry","category-cultura"],"yoast_head":"<!-- This site is optimized with the Yoast SEO plugin v23.5 - https:\/\/yoast.com\/wordpress\/plugins\/seo\/ -->\n<title>El hispano- armenio Ara Malikian llega al Liceu con su nueva gira &#039;Intruso&#039; - Armeniahoy<\/title>\n<meta name=\"robots\" content=\"index, follow, max-snippet:-1, max-image-preview:large, max-video-preview:-1\" \/>\n<link rel=\"canonical\" href=\"https:\/\/armeniahoy.com\/index.php\/2025\/09\/05\/el-hispano-armenio-ara-malikian-llega-al-liceu-con-su-nueva-gira-intruso\/\" \/>\n<meta property=\"og:locale\" content=\"en_GB\" \/>\n<meta property=\"og:type\" content=\"article\" \/>\n<meta property=\"og:title\" content=\"El hispano- armenio Ara Malikian llega al Liceu con su nueva gira &#039;Intruso&#039; - Armeniahoy\" \/>\n<meta property=\"og:description\" content=\"Ara Malikian presenta en el Gran Teatre del Liceu de Barcelona el 11 de diciembre su nueva gira\u00a0Intruso, un viaje muy personal en el que parte de la angustia de no encajar en ning\u00fan lugar para, finalmente, abrazar la riqueza de su identidad multicultural y encontrar su hogar en todo el mundo a trav\u00e9s del [&hellip;]\" \/>\n<meta property=\"og:url\" content=\"https:\/\/armeniahoy.com\/index.php\/2025\/09\/05\/el-hispano-armenio-ara-malikian-llega-al-liceu-con-su-nueva-gira-intruso\/\" \/>\n<meta property=\"og:site_name\" content=\"Armeniahoy\" \/>\n<meta property=\"article:published_time\" content=\"2025-09-05T09:50:16+00:00\" \/>\n<meta property=\"article:modified_time\" content=\"2025-09-05T09:55:32+00:00\" \/>\n<meta property=\"og:image\" content=\"https:\/\/armeniahoy.com\/wp-content\/uploads\/2025\/09\/ara-malikian-600x400-1.png\" \/>\n\t<meta property=\"og:image:width\" content=\"600\" \/>\n\t<meta property=\"og:image:height\" content=\"400\" \/>\n\t<meta property=\"og:image:type\" content=\"image\/png\" \/>\n<meta name=\"author\" content=\"Armeniahoy_admin\" \/>\n<meta name=\"twitter:card\" content=\"summary_large_image\" \/>\n<meta name=\"twitter:label1\" content=\"Written by\" \/>\n\t<meta name=\"twitter:data1\" content=\"Armeniahoy_admin\" \/>\n\t<meta name=\"twitter:label2\" content=\"Estimated reading time\" \/>\n\t<meta name=\"twitter:data2\" content=\"2 minutes\" \/>\n<script type=\"application\/ld+json\" class=\"yoast-schema-graph\">{\"@context\":\"https:\/\/schema.org\",\"@graph\":[{\"@type\":\"WebPage\",\"@id\":\"https:\/\/armeniahoy.com\/index.php\/2025\/09\/05\/el-hispano-armenio-ara-malikian-llega-al-liceu-con-su-nueva-gira-intruso\/\",\"url\":\"https:\/\/armeniahoy.com\/index.php\/2025\/09\/05\/el-hispano-armenio-ara-malikian-llega-al-liceu-con-su-nueva-gira-intruso\/\",\"name\":\"El hispano- armenio Ara Malikian llega al Liceu con su nueva gira 'Intruso' - Armeniahoy\",\"isPartOf\":{\"@id\":\"https:\/\/armeniahoy.com\/#website\"},\"primaryImageOfPage\":{\"@id\":\"https:\/\/armeniahoy.com\/index.php\/2025\/09\/05\/el-hispano-armenio-ara-malikian-llega-al-liceu-con-su-nueva-gira-intruso\/#primaryimage\"},\"image\":{\"@id\":\"https:\/\/armeniahoy.com\/index.php\/2025\/09\/05\/el-hispano-armenio-ara-malikian-llega-al-liceu-con-su-nueva-gira-intruso\/#primaryimage\"},\"thumbnailUrl\":\"https:\/\/armeniahoy.com\/wp-content\/uploads\/2025\/09\/ara-malikian-600x400-1.png\",\"datePublished\":\"2025-09-05T09:50:16+00:00\",\"dateModified\":\"2025-09-05T09:55:32+00:00\",\"author\":{\"@id\":\"https:\/\/armeniahoy.com\/#\/schema\/person\/43a6ddf56577bb96aa082771596ed2b8\"},\"breadcrumb\":{\"@id\":\"https:\/\/armeniahoy.com\/index.php\/2025\/09\/05\/el-hispano-armenio-ara-malikian-llega-al-liceu-con-su-nueva-gira-intruso\/#breadcrumb\"},\"inLanguage\":\"en-GB\",\"potentialAction\":[{\"@type\":\"ReadAction\",\"target\":[\"https:\/\/armeniahoy.com\/index.php\/2025\/09\/05\/el-hispano-armenio-ara-malikian-llega-al-liceu-con-su-nueva-gira-intruso\/\"]}]},{\"@type\":\"ImageObject\",\"inLanguage\":\"en-GB\",\"@id\":\"https:\/\/armeniahoy.com\/index.php\/2025\/09\/05\/el-hispano-armenio-ara-malikian-llega-al-liceu-con-su-nueva-gira-intruso\/#primaryimage\",\"url\":\"https:\/\/armeniahoy.com\/wp-content\/uploads\/2025\/09\/ara-malikian-600x400-1.png\",\"contentUrl\":\"https:\/\/armeniahoy.com\/wp-content\/uploads\/2025\/09\/ara-malikian-600x400-1.png\",\"width\":600,\"height\":400},{\"@type\":\"BreadcrumbList\",\"@id\":\"https:\/\/armeniahoy.com\/index.php\/2025\/09\/05\/el-hispano-armenio-ara-malikian-llega-al-liceu-con-su-nueva-gira-intruso\/#breadcrumb\",\"itemListElement\":[{\"@type\":\"ListItem\",\"position\":1,\"name\":\"Home\",\"item\":\"https:\/\/armeniahoy.com\/\"},{\"@type\":\"ListItem\",\"position\":2,\"name\":\"El hispano- armenio Ara Malikian llega al Liceu con su nueva gira &#8216;Intruso&#8217;\"}]},{\"@type\":\"WebSite\",\"@id\":\"https:\/\/armeniahoy.com\/#website\",\"url\":\"https:\/\/armeniahoy.com\/\",\"name\":\"Armeniahoy\",\"description\":\"\",\"potentialAction\":[{\"@type\":\"SearchAction\",\"target\":{\"@type\":\"EntryPoint\",\"urlTemplate\":\"https:\/\/armeniahoy.com\/?s={search_term_string}\"},\"query-input\":{\"@type\":\"PropertyValueSpecification\",\"valueRequired\":true,\"valueName\":\"search_term_string\"}}],\"inLanguage\":\"en-GB\"},{\"@type\":\"Person\",\"@id\":\"https:\/\/armeniahoy.com\/#\/schema\/person\/43a6ddf56577bb96aa082771596ed2b8\",\"name\":\"Armeniahoy_admin\",\"image\":{\"@type\":\"ImageObject\",\"inLanguage\":\"en-GB\",\"@id\":\"https:\/\/armeniahoy.com\/#\/schema\/person\/image\/\",\"url\":\"https:\/\/secure.gravatar.com\/avatar\/1cfeedda9358b4c7ba0966e36afc065f831e834b008a63b630ebd4be3da5e489?s=96&d=mm&r=g\",\"contentUrl\":\"https:\/\/secure.gravatar.com\/avatar\/1cfeedda9358b4c7ba0966e36afc065f831e834b008a63b630ebd4be3da5e489?s=96&d=mm&r=g\",\"caption\":\"Armeniahoy_admin\"},\"sameAs\":[\"https:\/\/armeniahoy.com\"],\"url\":\"https:\/\/armeniahoy.com\/index.php\/author\/armeniahoy_admin\/\"}]}<\/script>\n<!-- \/ Yoast SEO plugin. -->","yoast_head_json":{"title":"El hispano- armenio Ara Malikian llega al Liceu con su nueva gira 'Intruso' - Armeniahoy","robots":{"index":"index","follow":"follow","max-snippet":"max-snippet:-1","max-image-preview":"max-image-preview:large","max-video-preview":"max-video-preview:-1"},"canonical":"https:\/\/armeniahoy.com\/index.php\/2025\/09\/05\/el-hispano-armenio-ara-malikian-llega-al-liceu-con-su-nueva-gira-intruso\/","og_locale":"en_GB","og_type":"article","og_title":"El hispano- armenio Ara Malikian llega al Liceu con su nueva gira 'Intruso' - Armeniahoy","og_description":"Ara Malikian presenta en el Gran Teatre del Liceu de Barcelona el 11 de diciembre su nueva gira\u00a0Intruso, un viaje muy personal en el que parte de la angustia de no encajar en ning\u00fan lugar para, finalmente, abrazar la riqueza de su identidad multicultural y encontrar su hogar en todo el mundo a trav\u00e9s del [&hellip;]","og_url":"https:\/\/armeniahoy.com\/index.php\/2025\/09\/05\/el-hispano-armenio-ara-malikian-llega-al-liceu-con-su-nueva-gira-intruso\/","og_site_name":"Armeniahoy","article_published_time":"2025-09-05T09:50:16+00:00","article_modified_time":"2025-09-05T09:55:32+00:00","og_image":[{"width":600,"height":400,"url":"https:\/\/armeniahoy.com\/wp-content\/uploads\/2025\/09\/ara-malikian-600x400-1.png","type":"image\/png"}],"author":"Armeniahoy_admin","twitter_card":"summary_large_image","twitter_misc":{"Written by":"Armeniahoy_admin","Estimated reading time":"2 minutes"},"schema":{"@context":"https:\/\/schema.org","@graph":[{"@type":"WebPage","@id":"https:\/\/armeniahoy.com\/index.php\/2025\/09\/05\/el-hispano-armenio-ara-malikian-llega-al-liceu-con-su-nueva-gira-intruso\/","url":"https:\/\/armeniahoy.com\/index.php\/2025\/09\/05\/el-hispano-armenio-ara-malikian-llega-al-liceu-con-su-nueva-gira-intruso\/","name":"El hispano- armenio Ara Malikian llega al Liceu con su nueva gira 'Intruso' - Armeniahoy","isPartOf":{"@id":"https:\/\/armeniahoy.com\/#website"},"primaryImageOfPage":{"@id":"https:\/\/armeniahoy.com\/index.php\/2025\/09\/05\/el-hispano-armenio-ara-malikian-llega-al-liceu-con-su-nueva-gira-intruso\/#primaryimage"},"image":{"@id":"https:\/\/armeniahoy.com\/index.php\/2025\/09\/05\/el-hispano-armenio-ara-malikian-llega-al-liceu-con-su-nueva-gira-intruso\/#primaryimage"},"thumbnailUrl":"https:\/\/armeniahoy.com\/wp-content\/uploads\/2025\/09\/ara-malikian-600x400-1.png","datePublished":"2025-09-05T09:50:16+00:00","dateModified":"2025-09-05T09:55:32+00:00","author":{"@id":"https:\/\/armeniahoy.com\/#\/schema\/person\/43a6ddf56577bb96aa082771596ed2b8"},"breadcrumb":{"@id":"https:\/\/armeniahoy.com\/index.php\/2025\/09\/05\/el-hispano-armenio-ara-malikian-llega-al-liceu-con-su-nueva-gira-intruso\/#breadcrumb"},"inLanguage":"en-GB","potentialAction":[{"@type":"ReadAction","target":["https:\/\/armeniahoy.com\/index.php\/2025\/09\/05\/el-hispano-armenio-ara-malikian-llega-al-liceu-con-su-nueva-gira-intruso\/"]}]},{"@type":"ImageObject","inLanguage":"en-GB","@id":"https:\/\/armeniahoy.com\/index.php\/2025\/09\/05\/el-hispano-armenio-ara-malikian-llega-al-liceu-con-su-nueva-gira-intruso\/#primaryimage","url":"https:\/\/armeniahoy.com\/wp-content\/uploads\/2025\/09\/ara-malikian-600x400-1.png","contentUrl":"https:\/\/armeniahoy.com\/wp-content\/uploads\/2025\/09\/ara-malikian-600x400-1.png","width":600,"height":400},{"@type":"BreadcrumbList","@id":"https:\/\/armeniahoy.com\/index.php\/2025\/09\/05\/el-hispano-armenio-ara-malikian-llega-al-liceu-con-su-nueva-gira-intruso\/#breadcrumb","itemListElement":[{"@type":"ListItem","position":1,"name":"Home","item":"https:\/\/armeniahoy.com\/"},{"@type":"ListItem","position":2,"name":"El hispano- armenio Ara Malikian llega al Liceu con su nueva gira &#8216;Intruso&#8217;"}]},{"@type":"WebSite","@id":"https:\/\/armeniahoy.com\/#website","url":"https:\/\/armeniahoy.com\/","name":"Armeniahoy","description":"","potentialAction":[{"@type":"SearchAction","target":{"@type":"EntryPoint","urlTemplate":"https:\/\/armeniahoy.com\/?s={search_term_string}"},"query-input":{"@type":"PropertyValueSpecification","valueRequired":true,"valueName":"search_term_string"}}],"inLanguage":"en-GB"},{"@type":"Person","@id":"https:\/\/armeniahoy.com\/#\/schema\/person\/43a6ddf56577bb96aa082771596ed2b8","name":"Armeniahoy_admin","image":{"@type":"ImageObject","inLanguage":"en-GB","@id":"https:\/\/armeniahoy.com\/#\/schema\/person\/image\/","url":"https:\/\/secure.gravatar.com\/avatar\/1cfeedda9358b4c7ba0966e36afc065f831e834b008a63b630ebd4be3da5e489?s=96&d=mm&r=g","contentUrl":"https:\/\/secure.gravatar.com\/avatar\/1cfeedda9358b4c7ba0966e36afc065f831e834b008a63b630ebd4be3da5e489?s=96&d=mm&r=g","caption":"Armeniahoy_admin"},"sameAs":["https:\/\/armeniahoy.com"],"url":"https:\/\/armeniahoy.com\/index.php\/author\/armeniahoy_admin\/"}]}},"_links":{"self":[{"href":"https:\/\/armeniahoy.com\/index.php\/wp-json\/wp\/v2\/posts\/904","targetHints":{"allow":["GET"]}}],"collection":[{"href":"https:\/\/armeniahoy.com\/index.php\/wp-json\/wp\/v2\/posts"}],"about":[{"href":"https:\/\/armeniahoy.com\/index.php\/wp-json\/wp\/v2\/types\/post"}],"author":[{"embeddable":true,"href":"https:\/\/armeniahoy.com\/index.php\/wp-json\/wp\/v2\/users\/1"}],"replies":[{"embeddable":true,"href":"https:\/\/armeniahoy.com\/index.php\/wp-json\/wp\/v2\/comments?post=904"}],"version-history":[{"count":2,"href":"https:\/\/armeniahoy.com\/index.php\/wp-json\/wp\/v2\/posts\/904\/revisions"}],"predecessor-version":[{"id":910,"href":"https:\/\/armeniahoy.com\/index.php\/wp-json\/wp\/v2\/posts\/904\/revisions\/910"}],"wp:featuredmedia":[{"embeddable":true,"href":"https:\/\/armeniahoy.com\/index.php\/wp-json\/wp\/v2\/media\/908"}],"wp:attachment":[{"href":"https:\/\/armeniahoy.com\/index.php\/wp-json\/wp\/v2\/media?parent=904"}],"wp:term":[{"taxonomy":"category","embeddable":true,"href":"https:\/\/armeniahoy.com\/index.php\/wp-json\/wp\/v2\/categories?post=904"},{"taxonomy":"post_tag","embeddable":true,"href":"https:\/\/armeniahoy.com\/index.php\/wp-json\/wp\/v2\/tags?post=904"}],"curies":[{"name":"wp","href":"https:\/\/api.w.org\/{rel}","templated":true}]}}